{"id":855,"date":"2022-08-08T00:00:00","date_gmt":"2022-08-07T22:00:00","guid":{"rendered":"https:\/\/www.depanneo.com\/guide\/?p=855"},"modified":"2025-06-26T09:45:56","modified_gmt":"2025-06-26T07:45:56","slug":"isolation-plafond-coproprietes","status":"publish","type":"post","link":"https:\/\/www.depanneo.com\/guide\/isolation-plafond-coproprietes\/","title":{"rendered":"Pourquoi l&rsquo;isolation du plafond dans les copropri\u00e9t\u00e9s est-elle importante ?"},"content":{"rendered":"<p>Les bruits ind\u00e9sirables font partie des facteurs qui nuisent le plus \u00e0 la qualit\u00e9 de vie des r\u00e9sidents des copropri\u00e9t\u00e9s. Le plus irritant est d&rsquo;\u00eatre r\u00e9veill\u00e9 au milieu de la nuit par une alarme de voiture, d&rsquo;\u00eatre oblig\u00e9 d&rsquo;\u00e9couter le son d&rsquo;un voisin contre votre volont\u00e9 ou d&rsquo;avoir \u00e0 marcher l\u00e9g\u00e8rement pour ne pas d\u00e9ranger les personnes qui vivent dans l&rsquo;appartement du dessous.<\/p>\n<p>Heureusement, <strong>il existe des solutions d&rsquo;insonorisation <\/strong>qui peuvent \u00eatre des \u00e9l\u00e9ments cl\u00e9s pour r\u00e9soudre le probl\u00e8me.<\/p>\n<p>Lorsqu&rsquo;on parle d&rsquo;isolation, ce terme d\u00e9signe en fait le contr\u00f4le du son ou la r\u00e9duction des bruits ind\u00e9sirables <strong>en pla\u00e7ant une barri\u00e8re<\/strong> entre sa source, qui peut \u00eatre un garage, un ascenseur ou le bruit d&rsquo;un appartement voisin, et sa cible.<\/p>\n<h2>Les plaintes concernant le bruit dans les copropri\u00e9t\u00e9s<\/h2>\n<p>Les plaintes li\u00e9es au bruit \u00e0 l&rsquo;int\u00e9rieur des copropri\u00e9t\u00e9s ont augment\u00e9 pendant la p\u00e9riode de la pand\u00e9mie. En effet, cela \u00e9tait d\u00fb au fait que les r\u00e9sidents passaient plus de temps chez-eux, soit pour distanciation sociale, soit pour t\u00e9l\u00e9travail.<\/p>\n<p>Le fait est que lorsque la pollution sonore d\u00e9passe certaines limites tol\u00e9rables,<strong> elle peut affecter la sant\u00e9 de n&rsquo;importe qui<\/strong>, provoquant anxi\u00e9t\u00e9, stress, troubles du sommeil, hypertension et m\u00eame probl\u00e8mes cardiovasculaires.<\/p>\n<p>Bien qu&rsquo;il existe g\u00e9n\u00e9ralement des r\u00e8gles d\u00e9finies dans une convention qui d\u00e9termine les heures autoris\u00e9es pour certains bruits dans une copropri\u00e9t\u00e9, ou encore la loi contre les nuisances sonores qui d\u00e9termine les limites d&rsquo;intensit\u00e9 des sons, il est difficile de contenir toutes les interf\u00e9rences sonores sans compter sur des solutions architecturales et d&rsquo;ing\u00e9nierie.<\/p>\n<h2>L&rsquo;importance de l&rsquo;isolation du plafond dans les copropri\u00e9t\u00e9s<\/h2>\n<p>Dans une copropri\u00e9t\u00e9 r\u00e9sidentielle de maisons \u00e0 logements multiples ou d&rsquo;appartements, les sources potentielles de bruit sont presque infinies. Parmi ceux qui g\u00e9n\u00e8rent le plus de plaintes de la part des propri\u00e9taires figurent :<\/p>\n<ul>\n<li>le bruit des personnes marchant ou \u00e9coutant la t\u00e9l\u00e9vision et la musique,<\/li>\n<li>les sources sonores m\u00e9caniques, telles que la climatisation et les ascenseurs,<\/li>\n<li>le bruit des commerces \u00e0 proximit\u00e9, tels que les maisons de f\u00eate, les bars, les clubs et les magasins de d\u00e9tail.<\/li>\n<\/ul>\n<p>Au cours des derni\u00e8res d\u00e9cennies, les r\u00e9glementations relatives au bruit dans les copropri\u00e9t\u00e9s de maisons et d&rsquo;appartements sont devenues de plus en plus strictes. De ce fait, les produits d&rsquo;isolation acoustique, des plafonds notamment, sont assez vari\u00e9s. <strong>Les performances d&rsquo;isolation acoustique <\/strong>d\u00e9pendent de leurs combinaisons en usine et construction des biens, voire dans une r\u00e9novation bien men\u00e9e.<\/p>\n<h3>Mesures d&rsquo;isolation acoustique dans la conception et la construction des copropri\u00e9t\u00e9s<\/h3>\n<p>Les professionnels experts conviennent qu&rsquo;il est souvent moins co\u00fbteux d&rsquo;int\u00e9grer des concepts d&rsquo;insonorisation dans un b\u00e2timent pendant les \u00e9tapes de conception et de construction, plut\u00f4t que de r\u00e9soudre un probl\u00e8me existant plus tard.<\/p>\n<p>Mais, pour de nombreux constructeurs, l&rsquo;exp\u00e9rience d&rsquo;\u00e9coute dans un appartement est une r\u00e9flexion apr\u00e8s coup. Apr\u00e8s tout, la plupart des gens ne r\u00e9alisent pas les probl\u00e8mes de bruit tant que le b\u00e2timent n&rsquo;est pas occup\u00e9. De nombreux entrepreneurs ne savent pas \u00e0 quel point <strong>une conception acoustique bien ex\u00e9cut\u00e9e <\/strong>peut am\u00e9liorer un b\u00e2timent.<\/p>\n<p>L&rsquo;utilisation de l&rsquo;isolation sur le plafond et le sol dans une copropri\u00e9t\u00e9 peut r\u00e9duire consid\u00e9rablement la transmission du son.<\/p>\n<h2>Les alternatives anti-bruit pour les plafonds<\/h2>\n<p>En ce qui concerne le plafond, des cloisons s\u00e8ches peuvent \u00eatre appliqu\u00e9es ou il est possible d&rsquo;utiliser des rev\u00eatements en bois qui, en plus d&rsquo;insonoriser le bruit, constituent un excellent isolant thermique. Mais, il faut<strong> faire attention aux rev\u00eatements d\u00e9coratifs.<\/strong> Lors de l&rsquo;installation de luminaires ou d&rsquo;autres \u00e9l\u00e9ments, une \u00e9tanch\u00e9it\u00e9 tr\u00e8s bien faite est n\u00e9cessaire pour \u00e9viter que le bruit ne passe d&rsquo;un environnement \u00e0 l&rsquo;autre. Les plafonds acoustiques contribuent m\u00eame \u00e0 att\u00e9nuer le bruit dans l&rsquo;appartement lui-m\u00eame.<\/p>\n<p>Enfin, l&rsquo;isolation phonique d&rsquo;un appartement ou d&rsquo;une maison en copropri\u00e9t\u00e9 doit \u00eatre pens\u00e9e d\u00e8s le moment de la construction du b\u00e2timent, pour <strong>garantir la protection contre le bruit <\/strong>dans les copropri\u00e9t\u00e9s.<\/p>\n<blockquote class=\"custom-dpno-block bon-a-savoir\">\n<p class=\"block-title\"><i class=\"fa-solid fa-thumbs-up\"><\/i>Bon \u00e0 savoir:<\/p>\n<p>Vous ne savez pas quel isolant choisir ? Pas de panique, nos experts vous ont donn\u00e9 leurs conseils pour choisir le <a href=\"https:\/\/www.depanneo.com\/guide\/isolant-plafond\/\">meilleur isolant pour le plafond<\/a> de votre logement.<\/p><\/blockquote>\n<p>Dans les cas o\u00f9 le projet architectural n&rsquo;a pas tenu compte de l&rsquo;isolation de plafond, il y a toujours la possibilit\u00e9 d&rsquo;adapter l&rsquo;espace apr\u00e8s la fin des travaux.<\/p>\n","protected":false},"excerpt":{"rendered":"<p>Les bruits ind\u00e9sirables font partie des facteurs qui nuisent le plus \u00e0 la qualit\u00e9 de vie des r\u00e9sidents des copropri\u00e9t\u00e9s. Le plus irritant est d&rsquo;\u00eatre r\u00e9veill\u00e9 au [&hellip;]<\/p>\n","protected":false},"author":2,"featured_media":856,"comment_status":"open","ping_status":"open","sticky":false,"template":"","format":"standard","meta":{"_yoast_wpseo_focuskw":"","_yoast_wpseo_title":"Isolation du plafond dans les copropri\u00e9t\u00e9s : quel est son int\u00e9r\u00eat ?","_yoast_wpseo_metadesc":"Pourquoi l'isolation du plafond dans les copropri\u00e9t\u00e9s est-elle importante ? D\u00e9couvrez notre article sur le sujet : Isolation du plafond dans les copropri\u00e9t\u00e9s : quel est son int\u00e9r\u00eat ?","footnotes":""},"categories":[11],"tags":[],"class_list":["post-855","post","type-post","status-publish","format-standard","has-post-thumbnail","hentry","category-isolation"],"yoast_head":"<!-- This site is optimized with the Yoast SEO plugin v27.5 - https:\/\/yoast.com\/product\/yoast-seo-wordpress\/ -->\n<title>Isolation du plafond dans les copropri\u00e9t\u00e9s : quel est son int\u00e9r\u00eat ?<\/title>\n<meta name=\"description\" content=\"Pourquoi l&#039;isolation du plafond dans les copropri\u00e9t\u00e9s est-elle importante ? D\u00e9couvrez notre article sur le sujet : Isolation du plafond dans les copropri\u00e9t\u00e9s : quel est son int\u00e9r\u00eat ?\" \/>\n<meta name=\"robots\" content=\"index, follow, max-snippet:-1, max-image-preview:large, max-video-preview:-1\" \/>\n<link rel=\"canonical\" href=\"https:\/\/www.depanneo.com\/guide\/isolation-plafond-coproprietes\/\" \/>\n<meta property=\"og:locale\" content=\"fr_FR\" \/>\n<meta property=\"og:type\" content=\"article\" \/>\n<meta property=\"og:title\" content=\"Isolation du plafond dans les copropri\u00e9t\u00e9s : quel est son int\u00e9r\u00eat ?\" \/>\n<meta property=\"og:description\" content=\"Pourquoi l&#039;isolation du plafond dans les copropri\u00e9t\u00e9s est-elle importante ? D\u00e9couvrez notre article sur le sujet : Isolation du plafond dans les copropri\u00e9t\u00e9s : quel est son int\u00e9r\u00eat ?\" \/>\n<meta property=\"og:url\" content=\"https:\/\/www.depanneo.com\/guide\/isolation-plafond-coproprietes\/\" \/>\n<meta property=\"og:site_name\" content=\"Guide Depanneo\" \/>\n<meta property=\"article:published_time\" content=\"2022-08-07T22:00:00+00:00\" \/>\n<meta property=\"article:modified_time\" content=\"2025-06-26T07:45:56+00:00\" \/>\n<meta property=\"og:image\" content=\"https:\/\/www.depanneo.com\/guide\/wp-content\/uploads\/2022\/05\/b22141b6b0_50030111_fotolia-14182831-s.jpg\" \/>\n\t<meta property=\"og:image:width\" content=\"849\" \/>\n\t<meta property=\"og:image:height\" content=\"566\" \/>\n\t<meta property=\"og:image:type\" content=\"image\/jpeg\" \/>\n<meta name=\"author\" content=\"Nicolas\" \/>\n<meta name=\"twitter:card\" content=\"summary_large_image\" \/>\n<meta name=\"twitter:label1\" content=\"\u00c9crit par\" \/>\n\t<meta name=\"twitter:data1\" content=\"Nicolas\" \/>\n\t<meta name=\"twitter:label2\" content=\"Dur\u00e9e de lecture estim\u00e9e\" \/>\n\t<meta name=\"twitter:data2\" content=\"4 minutes\" \/>\n<script type=\"application\/ld+json\" class=\"yoast-schema-graph\">{\"@context\":\"https:\\\/\\\/schema.org\",\"@graph\":[{\"@type\":\"Article\",\"@id\":\"https:\\\/\\\/www.depanneo.com\\\/guide\\\/isolation-plafond-coproprietes\\\/#article\",\"isPartOf\":{\"@id\":\"https:\\\/\\\/www.depanneo.com\\\/guide\\\/isolation-plafond-coproprietes\\\/\"},\"author\":{\"name\":\"Nicolas\",\"@id\":\"https:\\\/\\\/www.depanneo.com\\\/guide\\\/#\\\/schema\\\/person\\\/4c83bb64c582b8889263522a80938306\"},\"headline\":\"Pourquoi l&rsquo;isolation du plafond dans les copropri\u00e9t\u00e9s est-elle importante ?\",\"datePublished\":\"2022-08-07T22:00:00+00:00\",\"dateModified\":\"2025-06-26T07:45:56+00:00\",\"mainEntityOfPage\":{\"@id\":\"https:\\\/\\\/www.depanneo.com\\\/guide\\\/isolation-plafond-coproprietes\\\/\"},\"wordCount\":836,\"commentCount\":0,\"publisher\":{\"@id\":\"https:\\\/\\\/www.depanneo.com\\\/guide\\\/#organization\"},\"image\":{\"@id\":\"https:\\\/\\\/www.depanneo.com\\\/guide\\\/isolation-plafond-coproprietes\\\/#primaryimage\"},\"thumbnailUrl\":\"https:\\\/\\\/www.depanneo.com\\\/guide\\\/wp-content\\\/uploads\\\/2022\\\/05\\\/b22141b6b0_50030111_fotolia-14182831-s.jpg\",\"articleSection\":[\"Isolation\"],\"inLanguage\":\"fr-FR\",\"potentialAction\":[{\"@type\":\"CommentAction\",\"name\":\"Comment\",\"target\":[\"https:\\\/\\\/www.depanneo.com\\\/guide\\\/isolation-plafond-coproprietes\\\/#respond\"]}],\"copyrightYear\":\"2022\",\"copyrightHolder\":{\"@id\":\"https:\\\/\\\/www.depanneo.com\\\/guide\\\/#organization\"}},{\"@type\":\"WebPage\",\"@id\":\"https:\\\/\\\/www.depanneo.com\\\/guide\\\/isolation-plafond-coproprietes\\\/\",\"url\":\"https:\\\/\\\/www.depanneo.com\\\/guide\\\/isolation-plafond-coproprietes\\\/\",\"name\":\"Isolation du plafond dans les copropri\u00e9t\u00e9s : quel est son int\u00e9r\u00eat ?\",\"isPartOf\":{\"@id\":\"https:\\\/\\\/www.depanneo.com\\\/guide\\\/#website\"},\"primaryImageOfPage\":{\"@id\":\"https:\\\/\\\/www.depanneo.com\\\/guide\\\/isolation-plafond-coproprietes\\\/#primaryimage\"},\"image\":{\"@id\":\"https:\\\/\\\/www.depanneo.com\\\/guide\\\/isolation-plafond-coproprietes\\\/#primaryimage\"},\"thumbnailUrl\":\"https:\\\/\\\/www.depanneo.com\\\/guide\\\/wp-content\\\/uploads\\\/2022\\\/05\\\/b22141b6b0_50030111_fotolia-14182831-s.jpg\",\"datePublished\":\"2022-08-07T22:00:00+00:00\",\"dateModified\":\"2025-06-26T07:45:56+00:00\",\"description\":\"Pourquoi l'isolation du plafond dans les copropri\u00e9t\u00e9s est-elle importante ? D\u00e9couvrez notre article sur le sujet : Isolation du plafond dans les copropri\u00e9t\u00e9s : quel est son int\u00e9r\u00eat ?\",\"breadcrumb\":{\"@id\":\"https:\\\/\\\/www.depanneo.com\\\/guide\\\/isolation-plafond-coproprietes\\\/#breadcrumb\"},\"inLanguage\":\"fr-FR\",\"potentialAction\":[{\"@type\":\"ReadAction\",\"target\":[\"https:\\\/\\\/www.depanneo.com\\\/guide\\\/isolation-plafond-coproprietes\\\/\"]}]},{\"@type\":\"ImageObject\",\"inLanguage\":\"fr-FR\",\"@id\":\"https:\\\/\\\/www.depanneo.com\\\/guide\\\/isolation-plafond-coproprietes\\\/#primaryimage\",\"url\":\"https:\\\/\\\/www.depanneo.com\\\/guide\\\/wp-content\\\/uploads\\\/2022\\\/05\\\/b22141b6b0_50030111_fotolia-14182831-s.jpg\",\"contentUrl\":\"https:\\\/\\\/www.depanneo.com\\\/guide\\\/wp-content\\\/uploads\\\/2022\\\/05\\\/b22141b6b0_50030111_fotolia-14182831-s.jpg\",\"width\":849,\"height\":566,\"caption\":\"Pourquoi l'isolation du plafond dans les copropri\u00e9t\u00e9s est-elle importante ?\"},{\"@type\":\"BreadcrumbList\",\"@id\":\"https:\\\/\\\/www.depanneo.com\\\/guide\\\/isolation-plafond-coproprietes\\\/#breadcrumb\",\"itemListElement\":[{\"@type\":\"ListItem\",\"position\":1,\"name\":\"Depanneo\",\"item\":\"https:\\\/\\\/www.depanneo.com\\\/guide\\\/\"},{\"@type\":\"ListItem\",\"position\":2,\"name\":\"Isolation\",\"item\":\"https:\\\/\\\/www.depanneo.com\\\/guide\\\/isolation\\\/\"},{\"@type\":\"ListItem\",\"position\":3,\"name\":\"Pourquoi l&rsquo;isolation du plafond dans les copropri\u00e9t\u00e9s est-elle importante ?\"}]},{\"@type\":\"WebSite\",\"@id\":\"https:\\\/\\\/www.depanneo.com\\\/guide\\\/#website\",\"url\":\"https:\\\/\\\/www.depanneo.com\\\/guide\\\/\",\"name\":\"Guide Depanneo\",\"description\":\"Conseils D\u00e9pannage &amp; Astuces Travaux\",\"publisher\":{\"@id\":\"https:\\\/\\\/www.depanneo.com\\\/guide\\\/#organization\"},\"potentialAction\":[{\"@type\":\"SearchAction\",\"target\":{\"@type\":\"EntryPoint\",\"urlTemplate\":\"https:\\\/\\\/www.depanneo.com\\\/guide\\\/?s={search_term_string}\"},\"query-input\":{\"@type\":\"PropertyValueSpecification\",\"valueRequired\":true,\"valueName\":\"search_term_string\"}}],\"inLanguage\":\"fr-FR\"},{\"@type\":\"Organization\",\"@id\":\"https:\\\/\\\/www.depanneo.com\\\/guide\\\/#organization\",\"name\":\"Depanneo\",\"url\":\"https:\\\/\\\/www.depanneo.com\\\/guide\\\/\",\"logo\":{\"@type\":\"ImageObject\",\"inLanguage\":\"fr-FR\",\"@id\":\"https:\\\/\\\/www.depanneo.com\\\/guide\\\/#\\\/schema\\\/logo\\\/image\\\/\",\"url\":\"https:\\\/\\\/www.depanneo.com\\\/guide\\\/wp-content\\\/uploads\\\/2021\\\/01\\\/logo-large-blue.png\",\"contentUrl\":\"https:\\\/\\\/www.depanneo.com\\\/guide\\\/wp-content\\\/uploads\\\/2021\\\/01\\\/logo-large-blue.png\",\"width\":4696,\"height\":1910,\"caption\":\"Depanneo\"},\"image\":{\"@id\":\"https:\\\/\\\/www.depanneo.com\\\/guide\\\/#\\\/schema\\\/logo\\\/image\\\/\"}},{\"@type\":\"Person\",\"@id\":\"https:\\\/\\\/www.depanneo.com\\\/guide\\\/#\\\/schema\\\/person\\\/4c83bb64c582b8889263522a80938306\",\"name\":\"Nicolas\",\"description\":\"R\u00e9dacteur web, autodidacte, est avant tout un passionn\u00e9 d\u2019\u00e9criture au profil technique, dot\u00e9 d\u2019une large exp\u00e9rience en BTP et d\u00e9pannage.\"}]}<\/script>\n<!-- \/ Yoast SEO plugin. -->","yoast_head_json":{"title":"Isolation du plafond dans les copropri\u00e9t\u00e9s : quel est son int\u00e9r\u00eat ?","description":"Pourquoi l'isolation du plafond dans les copropri\u00e9t\u00e9s est-elle importante ? D\u00e9couvrez notre article sur le sujet : Isolation du plafond dans les copropri\u00e9t\u00e9s : quel est son int\u00e9r\u00eat ?","robots":{"index":"index","follow":"follow","max-snippet":"max-snippet:-1","max-image-preview":"max-image-preview:large","max-video-preview":"max-video-preview:-1"},"canonical":"https:\/\/www.depanneo.com\/guide\/isolation-plafond-coproprietes\/","og_locale":"fr_FR","og_type":"article","og_title":"Isolation du plafond dans les copropri\u00e9t\u00e9s : quel est son int\u00e9r\u00eat ?","og_description":"Pourquoi l'isolation du plafond dans les copropri\u00e9t\u00e9s est-elle importante ? D\u00e9couvrez notre article sur le sujet : Isolation du plafond dans les copropri\u00e9t\u00e9s : quel est son int\u00e9r\u00eat ?","og_url":"https:\/\/www.depanneo.com\/guide\/isolation-plafond-coproprietes\/","og_site_name":"Guide Depanneo","article_published_time":"2022-08-07T22:00:00+00:00","article_modified_time":"2025-06-26T07:45:56+00:00","og_image":[{"width":849,"height":566,"url":"https:\/\/www.depanneo.com\/guide\/wp-content\/uploads\/2022\/05\/b22141b6b0_50030111_fotolia-14182831-s.jpg","type":"image\/jpeg"}],"author":"Nicolas","twitter_card":"summary_large_image","twitter_misc":{"\u00c9crit par":"Nicolas","Dur\u00e9e de lecture estim\u00e9e":"4 minutes"},"schema":{"@context":"https:\/\/schema.org","@graph":[{"@type":"Article","@id":"https:\/\/www.depanneo.com\/guide\/isolation-plafond-coproprietes\/#article","isPartOf":{"@id":"https:\/\/www.depanneo.com\/guide\/isolation-plafond-coproprietes\/"},"author":{"name":"Nicolas","@id":"https:\/\/www.depanneo.com\/guide\/#\/schema\/person\/4c83bb64c582b8889263522a80938306"},"headline":"Pourquoi l&rsquo;isolation du plafond dans les copropri\u00e9t\u00e9s est-elle importante ?","datePublished":"2022-08-07T22:00:00+00:00","dateModified":"2025-06-26T07:45:56+00:00","mainEntityOfPage":{"@id":"https:\/\/www.depanneo.com\/guide\/isolation-plafond-coproprietes\/"},"wordCount":836,"commentCount":0,"publisher":{"@id":"https:\/\/www.depanneo.com\/guide\/#organization"},"image":{"@id":"https:\/\/www.depanneo.com\/guide\/isolation-plafond-coproprietes\/#primaryimage"},"thumbnailUrl":"https:\/\/www.depanneo.com\/guide\/wp-content\/uploads\/2022\/05\/b22141b6b0_50030111_fotolia-14182831-s.jpg","articleSection":["Isolation"],"inLanguage":"fr-FR","potentialAction":[{"@type":"CommentAction","name":"Comment","target":["https:\/\/www.depanneo.com\/guide\/isolation-plafond-coproprietes\/#respond"]}],"copyrightYear":"2022","copyrightHolder":{"@id":"https:\/\/www.depanneo.com\/guide\/#organization"}},{"@type":"WebPage","@id":"https:\/\/www.depanneo.com\/guide\/isolation-plafond-coproprietes\/","url":"https:\/\/www.depanneo.com\/guide\/isolation-plafond-coproprietes\/","name":"Isolation du plafond dans les copropri\u00e9t\u00e9s : quel est son int\u00e9r\u00eat ?","isPartOf":{"@id":"https:\/\/www.depanneo.com\/guide\/#website"},"primaryImageOfPage":{"@id":"https:\/\/www.depanneo.com\/guide\/isolation-plafond-coproprietes\/#primaryimage"},"image":{"@id":"https:\/\/www.depanneo.com\/guide\/isolation-plafond-coproprietes\/#primaryimage"},"thumbnailUrl":"https:\/\/www.depanneo.com\/guide\/wp-content\/uploads\/2022\/05\/b22141b6b0_50030111_fotolia-14182831-s.jpg","datePublished":"2022-08-07T22:00:00+00:00","dateModified":"2025-06-26T07:45:56+00:00","description":"Pourquoi l'isolation du plafond dans les copropri\u00e9t\u00e9s est-elle importante ? D\u00e9couvrez notre article sur le sujet : Isolation du plafond dans les copropri\u00e9t\u00e9s : quel est son int\u00e9r\u00eat ?","breadcrumb":{"@id":"https:\/\/www.depanneo.com\/guide\/isolation-plafond-coproprietes\/#breadcrumb"},"inLanguage":"fr-FR","potentialAction":[{"@type":"ReadAction","target":["https:\/\/www.depanneo.com\/guide\/isolation-plafond-coproprietes\/"]}]},{"@type":"ImageObject","inLanguage":"fr-FR","@id":"https:\/\/www.depanneo.com\/guide\/isolation-plafond-coproprietes\/#primaryimage","url":"https:\/\/www.depanneo.com\/guide\/wp-content\/uploads\/2022\/05\/b22141b6b0_50030111_fotolia-14182831-s.jpg","contentUrl":"https:\/\/www.depanneo.com\/guide\/wp-content\/uploads\/2022\/05\/b22141b6b0_50030111_fotolia-14182831-s.jpg","width":849,"height":566,"caption":"Pourquoi l'isolation du plafond dans les copropri\u00e9t\u00e9s est-elle importante ?"},{"@type":"BreadcrumbList","@id":"https:\/\/www.depanneo.com\/guide\/isolation-plafond-coproprietes\/#breadcrumb","itemListElement":[{"@type":"ListItem","position":1,"name":"Depanneo","item":"https:\/\/www.depanneo.com\/guide\/"},{"@type":"ListItem","position":2,"name":"Isolation","item":"https:\/\/www.depanneo.com\/guide\/isolation\/"},{"@type":"ListItem","position":3,"name":"Pourquoi l&rsquo;isolation du plafond dans les copropri\u00e9t\u00e9s est-elle importante ?"}]},{"@type":"WebSite","@id":"https:\/\/www.depanneo.com\/guide\/#website","url":"https:\/\/www.depanneo.com\/guide\/","name":"Guide Depanneo","description":"Conseils D\u00e9pannage &amp; Astuces Travaux","publisher":{"@id":"https:\/\/www.depanneo.com\/guide\/#organization"},"potentialAction":[{"@type":"SearchAction","target":{"@type":"EntryPoint","urlTemplate":"https:\/\/www.depanneo.com\/guide\/?s={search_term_string}"},"query-input":{"@type":"PropertyValueSpecification","valueRequired":true,"valueName":"search_term_string"}}],"inLanguage":"fr-FR"},{"@type":"Organization","@id":"https:\/\/www.depanneo.com\/guide\/#organization","name":"Depanneo","url":"https:\/\/www.depanneo.com\/guide\/","logo":{"@type":"ImageObject","inLanguage":"fr-FR","@id":"https:\/\/www.depanneo.com\/guide\/#\/schema\/logo\/image\/","url":"https:\/\/www.depanneo.com\/guide\/wp-content\/uploads\/2021\/01\/logo-large-blue.png","contentUrl":"https:\/\/www.depanneo.com\/guide\/wp-content\/uploads\/2021\/01\/logo-large-blue.png","width":4696,"height":1910,"caption":"Depanneo"},"image":{"@id":"https:\/\/www.depanneo.com\/guide\/#\/schema\/logo\/image\/"}},{"@type":"Person","@id":"https:\/\/www.depanneo.com\/guide\/#\/schema\/person\/4c83bb64c582b8889263522a80938306","name":"Nicolas","description":"R\u00e9dacteur web, autodidacte, est avant tout un passionn\u00e9 d\u2019\u00e9criture au profil technique, dot\u00e9 d\u2019une large exp\u00e9rience en BTP et d\u00e9pannage."}]}},"_links":{"self":[{"href":"https:\/\/www.depanneo.com\/guide\/wp-json\/wp\/v2\/posts\/855","targetHints":{"allow":["GET"]}}],"collection":[{"href":"https:\/\/www.depanneo.com\/guide\/wp-json\/wp\/v2\/posts"}],"about":[{"href":"https:\/\/www.depanneo.com\/guide\/wp-json\/wp\/v2\/types\/post"}],"author":[{"embeddable":true,"href":"https:\/\/www.depanneo.com\/guide\/wp-json\/wp\/v2\/users\/2"}],"replies":[{"embeddable":true,"href":"https:\/\/www.depanneo.com\/guide\/wp-json\/wp\/v2\/comments?post=855"}],"version-history":[{"count":2,"href":"https:\/\/www.depanneo.com\/guide\/wp-json\/wp\/v2\/posts\/855\/revisions"}],"predecessor-version":[{"id":4546,"href":"https:\/\/www.depanneo.com\/guide\/wp-json\/wp\/v2\/posts\/855\/revisions\/4546"}],"wp:featuredmedia":[{"embeddable":true,"href":"https:\/\/www.depanneo.com\/guide\/wp-json\/wp\/v2\/media\/856"}],"wp:attachment":[{"href":"https:\/\/www.depanneo.com\/guide\/wp-json\/wp\/v2\/media?parent=855"}],"wp:term":[{"taxonomy":"category","embeddable":true,"href":"https:\/\/www.depanneo.com\/guide\/wp-json\/wp\/v2\/categories?post=855"},{"taxonomy":"post_tag","embeddable":true,"href":"https:\/\/www.depanneo.com\/guide\/wp-json\/wp\/v2\/tags?post=855"}],"curies":[{"name":"wp","href":"https:\/\/api.w.org\/{rel}","templated":true}]}}