{"id":830,"date":"2022-06-17T00:00:00","date_gmt":"2022-06-16T22:00:00","guid":{"rendered":"https:\/\/www.depanneo.com\/guide\/?p=830"},"modified":"2025-06-26T08:23:15","modified_gmt":"2025-06-26T06:23:15","slug":"cout-isolation-plafond","status":"publish","type":"post","link":"https:\/\/www.depanneo.com\/guide\/cout-isolation-plafond\/","title":{"rendered":"Quel est le co\u00fbt de l&rsquo;isolation du plafond ?"},"content":{"rendered":"<p><strong>L\u2019isolation du plafond<\/strong> repr\u00e9sente un des types d\u2019isolation \u00e0 ne surtout pas n\u00e9gliger. Lorsque la chaleur monte, de multiples d\u00e9perditions thermiques se font via les plafonds.<\/p>\n<p>C&rsquo;est pour cela qu&rsquo;il est n\u00e9cessaire de bien isoler les plafonds de son habitation dans le but d&rsquo;obtenir une meilleure s\u00e9paration acoustique, mais \u00e9galement pour <strong>limiter <\/strong><strong>les <\/strong><strong>pertes de chaleur<\/strong>.<\/p>\n<p>Mais quel est le<strong> co\u00fbt de l&rsquo;isolation d&rsquo;un plafond<\/strong> ? C&rsquo;est la question \u00e0 laquelle nous allons r\u00e9pondre dans le pr\u00e9sent article. Poursuivez donc votre lecture pour conna\u00eetre la r\u00e9ponse.<\/p>\n<h2>Quels plafonds faut-il isoler et quels mat\u00e9riaux utiliser ?<\/h2>\n<p><strong>L&rsquo;isolation du plafond<\/strong> permettra de r\u00e9duire les bruits ainsi que de conserver la chaleur dans une pi\u00e8ce. Le choix de la m\u00e9thode d&rsquo;isolation et des mat\u00e9riaux d\u00e9pendra de ce que vous souhaitez faire.<\/p>\n<p>Trouvez, ci-dessous, un aper\u00e7u de diverses<strong> m\u00e9thodes afin d&rsquo;<\/strong><strong>isoler un plafond<\/strong> :<\/p>\n<h3>Isolation du plafond du garage ou de la cave<\/h3>\n<p>Les pi\u00e8ces comme le garage ou la cave peuvent tr\u00e8s vite se refroidir, en particulier en hiver. Il est alors conseill\u00e9 d&rsquo;isoler et de ventiler ces pi\u00e8ces, et ce, dans le but de pr\u00e9venir les <strong>probl\u00e8mes d\u2019humidit\u00e9<\/strong>.<\/p>\n<p><strong>Le plafond de la cave<\/strong> repr\u00e9sente le meilleur endroit \u00e0 isoler, car il y a plus de place o\u00f9 poser l\u2019isolant qui doit r\u00e9sister \u00e0 l\u2019humidit\u00e9. Les plaques isolantes (PIR, PUR, EPS ou XPS) sont \u00e0 privil\u00e9gier plut\u00f4t que la laine de roche ou de verre.<\/p>\n<p>Du polyur\u00e9thane projet\u00e9 peut combler tous les petits espaces s\u2019il y a beaucoup de canalisations sur le plafond emp\u00eachant d\u2019installer les plaques.<\/p>\n<blockquote class=\"custom-dpno-block block-infos\">\n<p class=\"block-title\"><i class=\"fa-solid fa-circle-info\"><\/i>Informations:<\/p>\n<p>Pour en savoir plus sur <a href=\"https:\/\/www.depanneo.com\/guide\/comment-isoler-un-plafond-de-cave\/\">comment isoler un plafond de cave<\/a>, nous vous avons regroup\u00e9 toutes les informations n\u00e9cessaires pour vous faciliter vos recherches.<\/p><\/blockquote>\n<h3>Isolation du plafond du grenier<\/h3>\n<p>Un toit mal isol\u00e9 permet \u00e0 environ 30 % de la chaleur de la maison de s&rsquo;\u00e9chapper. Vous pouvez choisir d&rsquo;<strong>isoler le sol du grenier<\/strong> au lieu d&rsquo;isoler le toit. Cela est d&rsquo;autant plus int\u00e9ressant si vous utilisez le grenier comme une remise seulement.<\/p>\n<p>Par contre, si votre grenier est am\u00e9nag\u00e9 en pi\u00e8ce \u00e0 vivre, il serait pr\u00e9f\u00e9rable d&rsquo;<strong>isoler sa toiture<\/strong>. Cela peut \u00eatre r\u00e9alis\u00e9 par l&rsquo;int\u00e9rieur ou par l&rsquo;ext\u00e9rieur.<\/p>\n<p>Un <strong>toit plat isol\u00e9<\/strong> par le plafond des pi\u00e8ces sous le toit, donc par l\u2019int\u00e9rieur, est appel\u00e9 un toit froid. Toutefois, cette m\u00e9thode d\u2019isolation n&rsquo;est pas l&rsquo;id\u00e9ale, seulement pour un toit avec une hauteur limit\u00e9e.<\/p>\n<h3>Isolation du plafond entre deux \u00e9tages<\/h3>\n<p><strong>Isoler le plafond d\u2019une chambre \u00e0 coucher<\/strong>, d\u2019une cuisine ou d&rsquo;un s\u00e9jour n\u2019est pas chose facile, la finition doit \u00eatre impeccable. Ce type de travaux peut \u00eatre fait dans le but de :<\/p>\n<ul>\n<li>R\u00e9duire les bruits (<strong>isolation acoustique<\/strong>) ;<\/li>\n<li>Conserver la chaleur (isolation thermique).<\/li>\n<\/ul>\n<p>Dans le cas o\u00f9 les nuisances sonores seraient importantes, on commence, en g\u00e9n\u00e9ral, par <strong>baisser le plafond<\/strong>. On pose un plafond autoportant sous le plafond existant ainsi que le mat\u00e9riau isolant (laine de roche ou de verre, ouate de cellulose, PUR, etc.) qui vient entre les deux.<\/p>\n<h2>Combien co\u00fbte l\u2019isolation du plafond ?<\/h2>\n<p><strong>L\u2019isolation du plafond<\/strong> repr\u00e9sente un investissement qui peut \u00eatre ais\u00e9ment rentabilis\u00e9 en quelques ann\u00e9es seulement. Le prix exact des travaux n&rsquo;est pas simple \u00e0 \u00e9valuer. En effet, les tarifs peuvent diff\u00e9rer selon le type de l&rsquo;isolant utilis\u00e9 ainsi que la superficie.<\/p>\n<p>Proc\u00e9der \u00e0 l&rsquo;isolation de son plafond avec des plaques est une t\u00e2che plus intensive et plus co\u00fbteuse lors de la r\u00e9novation. Les <strong>isolants par injection <\/strong>sont en particulier int\u00e9ressants dans ce cas. La ouate de cellulose a un co\u00fbt bien plus \u00e9lev\u00e9 que la mousse polyur\u00e9thane ou la laine de roche.<\/p>\n<ul>\n<li>Vous pouvez compter environ 80 \u00e0 120 euros\/m2 si vous optez pour un plafond autoportant avec une isolation acoustique ;<\/li>\n<li>Si vous souhaitez faire isoler le <strong>plafond du vide sanitaire <\/strong>par un professionnel, cela co\u00fbterait entre 30 et 50 euros pour le m\u00e8tre carr\u00e9 ;<\/li>\n<li>Enfin, si vous souhaitez isoler un toit plat par l&rsquo;int\u00e9rieur, cela vous co\u00fbtera entre 30 et 40 euros\/m2.<\/li>\n<\/ul>\n<blockquote class=\"custom-dpno-block bon-a-savoir\">\n<p class=\"block-title\"><i class=\"fa-solid fa-thumbs-up\"><\/i>Bon \u00e0 savoir:<\/p>\n<p>Vous souhaitez avoir plus de renseignements sur le <a href=\"https:\/\/www.depanneo.com\/guide\/cout-isolation-plafond\/\">co\u00fbt de l&rsquo;isolation de votre plafond<\/a> ? Nous vous avons concoct\u00e9 un article de blog enti\u00e8rement d\u00e9di\u00e9 \u00e0 ce sujet pour vous aider dans votre recherche.<\/p><\/blockquote>\n<p><strong>L&rsquo;isolation d&rsquo;un plafond<\/strong> n&rsquo;est pas chose ais\u00e9e, il sera donc pr\u00e9f\u00e9rable de faire appel aux services d&rsquo;un professionnel du domaine. Vous serez, ainsi, s\u00fbr d&rsquo;avoir un travail rapide et un r\u00e9sultat de qualit\u00e9.<\/p>\n","protected":false},"excerpt":{"rendered":"<p>L\u2019isolation du plafond repr\u00e9sente un des types d\u2019isolation \u00e0 ne surtout pas n\u00e9gliger. Lorsque la chaleur monte, de multiples d\u00e9perditions thermiques se font via les plafonds. C&rsquo;est [&hellip;]<\/p>\n","protected":false},"author":2,"featured_media":831,"comment_status":"open","ping_status":"open","sticky":false,"template":"","format":"standard","meta":{"_yoast_wpseo_focuskw":"","_yoast_wpseo_title":"Le co\u00fbt de l'isolation du plafond : \u00e0 combien est-il estim\u00e9 ?","_yoast_wpseo_metadesc":"Quel est le co\u00fbt de l'isolation du plafond ? D\u00e9couvrez notre article sur le sujet : Le co\u00fbt de l'isolation du plafond : \u00e0 combien est-il estim\u00e9 ?","footnotes":""},"categories":[11],"tags":[],"class_list":["post-830","post","type-post","status-publish","format-standard","has-post-thumbnail","hentry","category-isolation"],"yoast_head":"<!-- This site is optimized with the Yoast SEO plugin v27.5 - https:\/\/yoast.com\/product\/yoast-seo-wordpress\/ -->\n<title>Le co\u00fbt de l&#039;isolation du plafond : \u00e0 combien est-il estim\u00e9 ?<\/title>\n<meta name=\"description\" content=\"Quel est le co\u00fbt de l&#039;isolation du plafond ? D\u00e9couvrez notre article sur le sujet : Le co\u00fbt de l&#039;isolation du plafond : \u00e0 combien est-il estim\u00e9 ?\" \/>\n<meta name=\"robots\" content=\"index, follow, max-snippet:-1, max-image-preview:large, max-video-preview:-1\" \/>\n<link rel=\"canonical\" href=\"https:\/\/www.depanneo.com\/guide\/cout-isolation-plafond\/\" \/>\n<meta property=\"og:locale\" content=\"fr_FR\" \/>\n<meta property=\"og:type\" content=\"article\" \/>\n<meta property=\"og:title\" content=\"Le co\u00fbt de l&#039;isolation du plafond : \u00e0 combien est-il estim\u00e9 ?\" \/>\n<meta property=\"og:description\" content=\"Quel est le co\u00fbt de l&#039;isolation du plafond ? D\u00e9couvrez notre article sur le sujet : Le co\u00fbt de l&#039;isolation du plafond : \u00e0 combien est-il estim\u00e9 ?\" \/>\n<meta property=\"og:url\" content=\"https:\/\/www.depanneo.com\/guide\/cout-isolation-plafond\/\" \/>\n<meta property=\"og:site_name\" content=\"Guide Depanneo\" \/>\n<meta property=\"article:published_time\" content=\"2022-06-16T22:00:00+00:00\" \/>\n<meta property=\"article:modified_time\" content=\"2025-06-26T06:23:15+00:00\" \/>\n<meta property=\"og:image\" content=\"https:\/\/www.depanneo.com\/guide\/wp-content\/uploads\/2022\/05\/isolation-toit-plat.jpeg\" \/>\n\t<meta property=\"og:image:width\" content=\"1536\" \/>\n\t<meta property=\"og:image:height\" content=\"768\" \/>\n\t<meta property=\"og:image:type\" content=\"image\/jpeg\" \/>\n<meta name=\"author\" content=\"Nicolas\" \/>\n<meta name=\"twitter:card\" content=\"summary_large_image\" \/>\n<meta name=\"twitter:label1\" content=\"\u00c9crit par\" \/>\n\t<meta name=\"twitter:data1\" content=\"Nicolas\" \/>\n\t<meta name=\"twitter:label2\" content=\"Dur\u00e9e de lecture estim\u00e9e\" \/>\n\t<meta name=\"twitter:data2\" content=\"4 minutes\" \/>\n<script type=\"application\/ld+json\" class=\"yoast-schema-graph\">{\"@context\":\"https:\\\/\\\/schema.org\",\"@graph\":[{\"@type\":\"Article\",\"@id\":\"https:\\\/\\\/www.depanneo.com\\\/guide\\\/cout-isolation-plafond\\\/#article\",\"isPartOf\":{\"@id\":\"https:\\\/\\\/www.depanneo.com\\\/guide\\\/cout-isolation-plafond\\\/\"},\"author\":{\"name\":\"Nicolas\",\"@id\":\"https:\\\/\\\/www.depanneo.com\\\/guide\\\/#\\\/schema\\\/person\\\/4c83bb64c582b8889263522a80938306\"},\"headline\":\"Quel est le co\u00fbt de l&rsquo;isolation du plafond ?\",\"datePublished\":\"2022-06-16T22:00:00+00:00\",\"dateModified\":\"2025-06-26T06:23:15+00:00\",\"mainEntityOfPage\":{\"@id\":\"https:\\\/\\\/www.depanneo.com\\\/guide\\\/cout-isolation-plafond\\\/\"},\"wordCount\":815,\"commentCount\":0,\"publisher\":{\"@id\":\"https:\\\/\\\/www.depanneo.com\\\/guide\\\/#organization\"},\"image\":{\"@id\":\"https:\\\/\\\/www.depanneo.com\\\/guide\\\/cout-isolation-plafond\\\/#primaryimage\"},\"thumbnailUrl\":\"https:\\\/\\\/www.depanneo.com\\\/guide\\\/wp-content\\\/uploads\\\/2022\\\/05\\\/isolation-toit-plat.jpeg\",\"articleSection\":[\"Isolation\"],\"inLanguage\":\"fr-FR\",\"potentialAction\":[{\"@type\":\"CommentAction\",\"name\":\"Comment\",\"target\":[\"https:\\\/\\\/www.depanneo.com\\\/guide\\\/cout-isolation-plafond\\\/#respond\"]}],\"copyrightYear\":\"2022\",\"copyrightHolder\":{\"@id\":\"https:\\\/\\\/www.depanneo.com\\\/guide\\\/#organization\"}},{\"@type\":\"WebPage\",\"@id\":\"https:\\\/\\\/www.depanneo.com\\\/guide\\\/cout-isolation-plafond\\\/\",\"url\":\"https:\\\/\\\/www.depanneo.com\\\/guide\\\/cout-isolation-plafond\\\/\",\"name\":\"Le co\u00fbt de l'isolation du plafond : \u00e0 combien est-il estim\u00e9 ?\",\"isPartOf\":{\"@id\":\"https:\\\/\\\/www.depanneo.com\\\/guide\\\/#website\"},\"primaryImageOfPage\":{\"@id\":\"https:\\\/\\\/www.depanneo.com\\\/guide\\\/cout-isolation-plafond\\\/#primaryimage\"},\"image\":{\"@id\":\"https:\\\/\\\/www.depanneo.com\\\/guide\\\/cout-isolation-plafond\\\/#primaryimage\"},\"thumbnailUrl\":\"https:\\\/\\\/www.depanneo.com\\\/guide\\\/wp-content\\\/uploads\\\/2022\\\/05\\\/isolation-toit-plat.jpeg\",\"datePublished\":\"2022-06-16T22:00:00+00:00\",\"dateModified\":\"2025-06-26T06:23:15+00:00\",\"description\":\"Quel est le co\u00fbt de l'isolation du plafond ? D\u00e9couvrez notre article sur le sujet : Le co\u00fbt de l'isolation du plafond : \u00e0 combien est-il estim\u00e9 ?\",\"breadcrumb\":{\"@id\":\"https:\\\/\\\/www.depanneo.com\\\/guide\\\/cout-isolation-plafond\\\/#breadcrumb\"},\"inLanguage\":\"fr-FR\",\"potentialAction\":[{\"@type\":\"ReadAction\",\"target\":[\"https:\\\/\\\/www.depanneo.com\\\/guide\\\/cout-isolation-plafond\\\/\"]}]},{\"@type\":\"ImageObject\",\"inLanguage\":\"fr-FR\",\"@id\":\"https:\\\/\\\/www.depanneo.com\\\/guide\\\/cout-isolation-plafond\\\/#primaryimage\",\"url\":\"https:\\\/\\\/www.depanneo.com\\\/guide\\\/wp-content\\\/uploads\\\/2022\\\/05\\\/isolation-toit-plat.jpeg\",\"contentUrl\":\"https:\\\/\\\/www.depanneo.com\\\/guide\\\/wp-content\\\/uploads\\\/2022\\\/05\\\/isolation-toit-plat.jpeg\",\"width\":1536,\"height\":768,\"caption\":\"Quel est le co\u00fbt de l'isolation du plafond ?\"},{\"@type\":\"BreadcrumbList\",\"@id\":\"https:\\\/\\\/www.depanneo.com\\\/guide\\\/cout-isolation-plafond\\\/#breadcrumb\",\"itemListElement\":[{\"@type\":\"ListItem\",\"position\":1,\"name\":\"Depanneo\",\"item\":\"https:\\\/\\\/www.depanneo.com\\\/guide\\\/\"},{\"@type\":\"ListItem\",\"position\":2,\"name\":\"Isolation\",\"item\":\"https:\\\/\\\/www.depanneo.com\\\/guide\\\/isolation\\\/\"},{\"@type\":\"ListItem\",\"position\":3,\"name\":\"Quel est le co\u00fbt de l&rsquo;isolation du plafond ?\"}]},{\"@type\":\"WebSite\",\"@id\":\"https:\\\/\\\/www.depanneo.com\\\/guide\\\/#website\",\"url\":\"https:\\\/\\\/www.depanneo.com\\\/guide\\\/\",\"name\":\"Guide Depanneo\",\"description\":\"Conseils D\u00e9pannage &amp; Astuces Travaux\",\"publisher\":{\"@id\":\"https:\\\/\\\/www.depanneo.com\\\/guide\\\/#organization\"},\"potentialAction\":[{\"@type\":\"SearchAction\",\"target\":{\"@type\":\"EntryPoint\",\"urlTemplate\":\"https:\\\/\\\/www.depanneo.com\\\/guide\\\/?s={search_term_string}\"},\"query-input\":{\"@type\":\"PropertyValueSpecification\",\"valueRequired\":true,\"valueName\":\"search_term_string\"}}],\"inLanguage\":\"fr-FR\"},{\"@type\":\"Organization\",\"@id\":\"https:\\\/\\\/www.depanneo.com\\\/guide\\\/#organization\",\"name\":\"Depanneo\",\"url\":\"https:\\\/\\\/www.depanneo.com\\\/guide\\\/\",\"logo\":{\"@type\":\"ImageObject\",\"inLanguage\":\"fr-FR\",\"@id\":\"https:\\\/\\\/www.depanneo.com\\\/guide\\\/#\\\/schema\\\/logo\\\/image\\\/\",\"url\":\"https:\\\/\\\/www.depanneo.com\\\/guide\\\/wp-content\\\/uploads\\\/2021\\\/01\\\/logo-large-blue.png\",\"contentUrl\":\"https:\\\/\\\/www.depanneo.com\\\/guide\\\/wp-content\\\/uploads\\\/2021\\\/01\\\/logo-large-blue.png\",\"width\":4696,\"height\":1910,\"caption\":\"Depanneo\"},\"image\":{\"@id\":\"https:\\\/\\\/www.depanneo.com\\\/guide\\\/#\\\/schema\\\/logo\\\/image\\\/\"}},{\"@type\":\"Person\",\"@id\":\"https:\\\/\\\/www.depanneo.com\\\/guide\\\/#\\\/schema\\\/person\\\/4c83bb64c582b8889263522a80938306\",\"name\":\"Nicolas\",\"description\":\"R\u00e9dacteur web, autodidacte, est avant tout un passionn\u00e9 d\u2019\u00e9criture au profil technique, dot\u00e9 d\u2019une large exp\u00e9rience en BTP et d\u00e9pannage.\"}]}<\/script>\n<!-- \/ Yoast SEO plugin. -->","yoast_head_json":{"title":"Le co\u00fbt de l'isolation du plafond : \u00e0 combien est-il estim\u00e9 ?","description":"Quel est le co\u00fbt de l'isolation du plafond ? D\u00e9couvrez notre article sur le sujet : Le co\u00fbt de l'isolation du plafond : \u00e0 combien est-il estim\u00e9 ?","robots":{"index":"index","follow":"follow","max-snippet":"max-snippet:-1","max-image-preview":"max-image-preview:large","max-video-preview":"max-video-preview:-1"},"canonical":"https:\/\/www.depanneo.com\/guide\/cout-isolation-plafond\/","og_locale":"fr_FR","og_type":"article","og_title":"Le co\u00fbt de l'isolation du plafond : \u00e0 combien est-il estim\u00e9 ?","og_description":"Quel est le co\u00fbt de l'isolation du plafond ? D\u00e9couvrez notre article sur le sujet : Le co\u00fbt de l'isolation du plafond : \u00e0 combien est-il estim\u00e9 ?","og_url":"https:\/\/www.depanneo.com\/guide\/cout-isolation-plafond\/","og_site_name":"Guide Depanneo","article_published_time":"2022-06-16T22:00:00+00:00","article_modified_time":"2025-06-26T06:23:15+00:00","og_image":[{"width":1536,"height":768,"url":"https:\/\/www.depanneo.com\/guide\/wp-content\/uploads\/2022\/05\/isolation-toit-plat.jpeg","type":"image\/jpeg"}],"author":"Nicolas","twitter_card":"summary_large_image","twitter_misc":{"\u00c9crit par":"Nicolas","Dur\u00e9e de lecture estim\u00e9e":"4 minutes"},"schema":{"@context":"https:\/\/schema.org","@graph":[{"@type":"Article","@id":"https:\/\/www.depanneo.com\/guide\/cout-isolation-plafond\/#article","isPartOf":{"@id":"https:\/\/www.depanneo.com\/guide\/cout-isolation-plafond\/"},"author":{"name":"Nicolas","@id":"https:\/\/www.depanneo.com\/guide\/#\/schema\/person\/4c83bb64c582b8889263522a80938306"},"headline":"Quel est le co\u00fbt de l&rsquo;isolation du plafond ?","datePublished":"2022-06-16T22:00:00+00:00","dateModified":"2025-06-26T06:23:15+00:00","mainEntityOfPage":{"@id":"https:\/\/www.depanneo.com\/guide\/cout-isolation-plafond\/"},"wordCount":815,"commentCount":0,"publisher":{"@id":"https:\/\/www.depanneo.com\/guide\/#organization"},"image":{"@id":"https:\/\/www.depanneo.com\/guide\/cout-isolation-plafond\/#primaryimage"},"thumbnailUrl":"https:\/\/www.depanneo.com\/guide\/wp-content\/uploads\/2022\/05\/isolation-toit-plat.jpeg","articleSection":["Isolation"],"inLanguage":"fr-FR","potentialAction":[{"@type":"CommentAction","name":"Comment","target":["https:\/\/www.depanneo.com\/guide\/cout-isolation-plafond\/#respond"]}],"copyrightYear":"2022","copyrightHolder":{"@id":"https:\/\/www.depanneo.com\/guide\/#organization"}},{"@type":"WebPage","@id":"https:\/\/www.depanneo.com\/guide\/cout-isolation-plafond\/","url":"https:\/\/www.depanneo.com\/guide\/cout-isolation-plafond\/","name":"Le co\u00fbt de l'isolation du plafond : \u00e0 combien est-il estim\u00e9 ?","isPartOf":{"@id":"https:\/\/www.depanneo.com\/guide\/#website"},"primaryImageOfPage":{"@id":"https:\/\/www.depanneo.com\/guide\/cout-isolation-plafond\/#primaryimage"},"image":{"@id":"https:\/\/www.depanneo.com\/guide\/cout-isolation-plafond\/#primaryimage"},"thumbnailUrl":"https:\/\/www.depanneo.com\/guide\/wp-content\/uploads\/2022\/05\/isolation-toit-plat.jpeg","datePublished":"2022-06-16T22:00:00+00:00","dateModified":"2025-06-26T06:23:15+00:00","description":"Quel est le co\u00fbt de l'isolation du plafond ? D\u00e9couvrez notre article sur le sujet : Le co\u00fbt de l'isolation du plafond : \u00e0 combien est-il estim\u00e9 ?","breadcrumb":{"@id":"https:\/\/www.depanneo.com\/guide\/cout-isolation-plafond\/#breadcrumb"},"inLanguage":"fr-FR","potentialAction":[{"@type":"ReadAction","target":["https:\/\/www.depanneo.com\/guide\/cout-isolation-plafond\/"]}]},{"@type":"ImageObject","inLanguage":"fr-FR","@id":"https:\/\/www.depanneo.com\/guide\/cout-isolation-plafond\/#primaryimage","url":"https:\/\/www.depanneo.com\/guide\/wp-content\/uploads\/2022\/05\/isolation-toit-plat.jpeg","contentUrl":"https:\/\/www.depanneo.com\/guide\/wp-content\/uploads\/2022\/05\/isolation-toit-plat.jpeg","width":1536,"height":768,"caption":"Quel est le co\u00fbt de l'isolation du plafond ?"},{"@type":"BreadcrumbList","@id":"https:\/\/www.depanneo.com\/guide\/cout-isolation-plafond\/#breadcrumb","itemListElement":[{"@type":"ListItem","position":1,"name":"Depanneo","item":"https:\/\/www.depanneo.com\/guide\/"},{"@type":"ListItem","position":2,"name":"Isolation","item":"https:\/\/www.depanneo.com\/guide\/isolation\/"},{"@type":"ListItem","position":3,"name":"Quel est le co\u00fbt de l&rsquo;isolation du plafond ?"}]},{"@type":"WebSite","@id":"https:\/\/www.depanneo.com\/guide\/#website","url":"https:\/\/www.depanneo.com\/guide\/","name":"Guide Depanneo","description":"Conseils D\u00e9pannage &amp; Astuces Travaux","publisher":{"@id":"https:\/\/www.depanneo.com\/guide\/#organization"},"potentialAction":[{"@type":"SearchAction","target":{"@type":"EntryPoint","urlTemplate":"https:\/\/www.depanneo.com\/guide\/?s={search_term_string}"},"query-input":{"@type":"PropertyValueSpecification","valueRequired":true,"valueName":"search_term_string"}}],"inLanguage":"fr-FR"},{"@type":"Organization","@id":"https:\/\/www.depanneo.com\/guide\/#organization","name":"Depanneo","url":"https:\/\/www.depanneo.com\/guide\/","logo":{"@type":"ImageObject","inLanguage":"fr-FR","@id":"https:\/\/www.depanneo.com\/guide\/#\/schema\/logo\/image\/","url":"https:\/\/www.depanneo.com\/guide\/wp-content\/uploads\/2021\/01\/logo-large-blue.png","contentUrl":"https:\/\/www.depanneo.com\/guide\/wp-content\/uploads\/2021\/01\/logo-large-blue.png","width":4696,"height":1910,"caption":"Depanneo"},"image":{"@id":"https:\/\/www.depanneo.com\/guide\/#\/schema\/logo\/image\/"}},{"@type":"Person","@id":"https:\/\/www.depanneo.com\/guide\/#\/schema\/person\/4c83bb64c582b8889263522a80938306","name":"Nicolas","description":"R\u00e9dacteur web, autodidacte, est avant tout un passionn\u00e9 d\u2019\u00e9criture au profil technique, dot\u00e9 d\u2019une large exp\u00e9rience en BTP et d\u00e9pannage."}]}},"_links":{"self":[{"href":"https:\/\/www.depanneo.com\/guide\/wp-json\/wp\/v2\/posts\/830","targetHints":{"allow":["GET"]}}],"collection":[{"href":"https:\/\/www.depanneo.com\/guide\/wp-json\/wp\/v2\/posts"}],"about":[{"href":"https:\/\/www.depanneo.com\/guide\/wp-json\/wp\/v2\/types\/post"}],"author":[{"embeddable":true,"href":"https:\/\/www.depanneo.com\/guide\/wp-json\/wp\/v2\/users\/2"}],"replies":[{"embeddable":true,"href":"https:\/\/www.depanneo.com\/guide\/wp-json\/wp\/v2\/comments?post=830"}],"version-history":[{"count":2,"href":"https:\/\/www.depanneo.com\/guide\/wp-json\/wp\/v2\/posts\/830\/revisions"}],"predecessor-version":[{"id":4526,"href":"https:\/\/www.depanneo.com\/guide\/wp-json\/wp\/v2\/posts\/830\/revisions\/4526"}],"wp:featuredmedia":[{"embeddable":true,"href":"https:\/\/www.depanneo.com\/guide\/wp-json\/wp\/v2\/media\/831"}],"wp:attachment":[{"href":"https:\/\/www.depanneo.com\/guide\/wp-json\/wp\/v2\/media?parent=830"}],"wp:term":[{"taxonomy":"category","embeddable":true,"href":"https:\/\/www.depanneo.com\/guide\/wp-json\/wp\/v2\/categories?post=830"},{"taxonomy":"post_tag","embeddable":true,"href":"https:\/\/www.depanneo.com\/guide\/wp-json\/wp\/v2\/tags?post=830"}],"curies":[{"name":"wp","href":"https:\/\/api.w.org\/{rel}","templated":true}]}}