{"id":828,"date":"2022-06-13T00:00:00","date_gmt":"2022-06-12T22:00:00","guid":{"rendered":"https:\/\/www.depanneo.com\/guide\/?p=828"},"modified":"2025-06-26T08:19:51","modified_gmt":"2025-06-26T06:19:51","slug":"pose-isolation-plafond","status":"publish","type":"post","link":"https:\/\/www.depanneo.com\/guide\/pose-isolation-plafond\/","title":{"rendered":"Que faut-il savoir sur la pose de l&rsquo;isolation du plafond ?"},"content":{"rendered":"<p>Les toitures ainsi que les plafonds repr\u00e9sentent les parties de l&rsquo;habitation enregistrant le plus de <strong>pertes thermiques<\/strong>, il est donc important de les isoler, pour la saison froide en particulier, et ce, afin de b\u00e9n\u00e9ficier d&rsquo;un confort chez-soi, en \u00e9t\u00e9 comme en hiver.<\/p>\n<p>Mais que faut-il savoir sur la <strong>pose de<\/strong><strong> l&rsquo;isolation du plafond <\/strong>? Quelle est la technique employ\u00e9e et quelle est la dur\u00e9e du chantier ? Toutes les r\u00e9ponses et plus encore se trouvent dans le pr\u00e9sent article. Poursuivez votre lecture dans le but de les conna\u00eetre.<\/p>\n<h2>Que faut-il pr\u00e9parer avant la pose de l&rsquo;isolation pour un plafond ?<\/h2>\n<p>Si vous \u00eates bricoleur, vous pouvez, vous-m\u00eame, effectuer la<strong> pose de<\/strong><strong> l\u2019isolation pour plafond<\/strong>, par contre, il serait pr\u00e9f\u00e9rable de faire appel \u00e0 un professionnel du domaine si vous ne vous y connaissez pas.<\/p>\n<p>Pour<strong> isoler son plafond,<\/strong> il faudra passer quelques \u00e9tapes importantes, \u00e0 savoir :<\/p>\n<ul>\n<li>En premier lieu, il faudra pr\u00e9parer les outils n\u00e9cessaires selon le <strong>type d\u2019isolation<\/strong> \u00e0 effectuer ;<\/li>\n<li>Ensuite, vous devriez avoir les dimensions exactes du plafond \u00e0 isoler ;<\/li>\n<li>Il faut choisir son mat\u00e9riau de base (l&rsquo;isolant) au pr\u00e9alable ;<\/li>\n<li>Il faut effectuer une demande de devis pour tous les travaux \u00e0 r\u00e9aliser.<\/li>\n<\/ul>\n<p>Il vous sera possible d&rsquo;effectuer des <strong>demandes de plusieurs aides<\/strong> au financement de votre projet. L\u2019isolation, \u00e9tant un moyen qui permet l&rsquo;am\u00e9lioration des performances \u00e9nerg\u00e9tiques d&rsquo;une habitation, ce type de travaux entre pleinement dans les crit\u00e8res d\u2019attribution d&rsquo;aides financi\u00e8res.<\/p>\n<p>Ci-dessous, une<strong> liste d&rsquo;<\/strong><strong>aides <\/strong>que la copropri\u00e9t\u00e9 pourrait demander :<\/p>\n<ul>\n<li>Le cr\u00e9dit d\u2019imp\u00f4t : ce dernier permet la r\u00e9duction fiscale de 30 % du montant des travaux, sans la main-d&rsquo;\u0153uvre ;<\/li>\n<li>La prime \u00e9nergie pour les copropri\u00e9t\u00e9s ;<\/li>\n<li>L\u2019\u00e9co pr\u00eat \u00e0 taux z\u00e9ro ;<\/li>\n<li>La prime Effy ;<\/li>\n<li>La TVA r\u00e9duite \u00e0 5,5 %.<\/li>\n<\/ul>\n<blockquote class=\"custom-dpno-block bon-a-savoir\">\n<p class=\"block-title\"><i class=\"fa-solid fa-thumbs-up\"><\/i>Bon \u00e0 savoir:<\/p>\n<p>Si vous souhaitez en savoir plus sur les <a href=\"https:\/\/www.depanneo.com\/guide\/aide-isolation-plafond\/\">aides et all\u00e8gements fiscaux pour l&rsquo;isolation d&rsquo;un plafond<\/a>, retrouvez tout ce qu&rsquo;il faut savoir sur le sujet dans notre blog.<\/p><\/blockquote>\n<p>Pour une <strong>pose d\u2019isolation<\/strong> qui durera longtemps qui soit efficace, il serait conseill\u00e9 d\u2019opter pour les plaques d\u2019isolants PUR, PIR ou encore EPS, \u00e9tant donn\u00e9 qu&rsquo;au contraire, des isolations r\u00e9alis\u00e9es en laine de roche ou de verre, ces plaques sont plus simples \u00e0 placer et ont un meilleur rendu.<\/p>\n<p>Il faut toutefois noter que lors de l\u2019utilisation de ces panneaux pr\u00e9cit\u00e9s, les experts utilisent souvent le polyur\u00e9thane qui est ajout\u00e9 lorsque des vides, une fois l\u2019installation effectu\u00e9e, sont aper\u00e7us. Le principe ne change pas, que \u00e7a soit pour une<strong> pose d\u2019isolation<\/strong><strong> sur un plafond<\/strong> ou sur un mur.<\/p>\n<h2>Quelle est la technique employ\u00e9e pour la pose d&rsquo;une isolation de plafond ?<\/h2>\n<p>L<strong>&lsquo;installation de l&rsquo;isolant<\/strong> se fait g\u00e9n\u00e9ralement sous les plafonds suspendus, en particulier lorsque l&rsquo;isolant utilis\u00e9 est pr\u00e9sent\u00e9 en rouleaux tels que la laine de roche ou la laine de verre. Ce type d&rsquo;isolation consiste en la pose de suspentes sur les madriers du plafond tous les 60 cm.<\/p>\n<p>Ces suspentes sont pr\u00e9sentes afin d&rsquo;accueillir des fourrures ou les rails qui maintiendront les plaques de pl\u00e2tre du<strong> faux plafond<\/strong> par la suite. Une fois en place, les fourrures peuvent facilement supporter le poids de l\u2019isolant reposant directement par-dessus.<\/p>\n<p>Des <strong>mat\u00e9riaux isolants<\/strong> comme le polystyr\u00e8ne ou bien le li\u00e8ge requi\u00e8rent une pose coll\u00e9e au support directement. Un faux plafond de type toile tendue peut ainsi \u00eatre utilis\u00e9.<\/p>\n<p>Afin de r\u00e9aliser ce type d&rsquo;isolation ainsi que la <strong>pose d\u2019un faux plafond<\/strong>, faire appel \u00e0 un professionnel du domaine est fortement conseill\u00e9. La r\u00e9alisation de ce type d\u2019isolation n\u00e9cessite, en effet, de la pr\u00e9cision pour <strong>la pose des fourrures<\/strong>, si celles-ci ne sont pas bien pos\u00e9es, cela pourra mettre en jeu la qualit\u00e9 du faux plafond ainsi et de ses finitions.<\/p>\n<p>En plus, si le support se pr\u00eate ais\u00e9ment \u00e0 la <strong>cr\u00e9ation du faux plafond<\/strong> et de ce genre d&rsquo;isolation, l&rsquo;entreprise qualifi\u00e9e sera capable d&rsquo;achever tr\u00e8s rapidement la r\u00e9alisation de ces travaux (en quelques jours seulement).<\/p>\n<p><strong>La rapidit\u00e9 d&rsquo;ex\u00e9cution<\/strong> est n\u00e9cessaire et tr\u00e8s favorable pour la copropri\u00e9t\u00e9, nul besoin d\u2019immobiliser certains espaces ou d\u2019interdire le passage durant de longs travaux.<\/p>\n","protected":false},"excerpt":{"rendered":"<p>Les toitures ainsi que les plafonds repr\u00e9sentent les parties de l&rsquo;habitation enregistrant le plus de pertes thermiques, il est donc important de les isoler, pour la saison [&hellip;]<\/p>\n","protected":false},"author":2,"featured_media":829,"comment_status":"open","ping_status":"open","sticky":false,"template":"","format":"standard","meta":{"_yoast_wpseo_focuskw":"","_yoast_wpseo_title":"Pose d'une isolation du plafond : tout ce que vous devez savoir !","_yoast_wpseo_metadesc":"Que faut-il savoir sur la pose de l'isolation du plafond ? D\u00e9couvrez notre article sur le sujet : Pose d'une isolation du plafond : tout ce que vous devez savoir !","footnotes":""},"categories":[11],"tags":[],"class_list":["post-828","post","type-post","status-publish","format-standard","has-post-thumbnail","hentry","category-isolation"],"yoast_head":"<!-- This site is optimized with the Yoast SEO plugin v27.5 - https:\/\/yoast.com\/product\/yoast-seo-wordpress\/ -->\n<title>Pose d&#039;une isolation du plafond : tout ce que vous devez savoir !<\/title>\n<meta name=\"description\" content=\"Que faut-il savoir sur la pose de l&#039;isolation du plafond ? D\u00e9couvrez notre article sur le sujet : Pose d&#039;une isolation du plafond : tout ce que vous devez savoir !\" \/>\n<meta name=\"robots\" content=\"index, follow, max-snippet:-1, max-image-preview:large, max-video-preview:-1\" \/>\n<link rel=\"canonical\" href=\"https:\/\/www.depanneo.com\/guide\/pose-isolation-plafond\/\" \/>\n<meta property=\"og:locale\" content=\"fr_FR\" \/>\n<meta property=\"og:type\" content=\"article\" \/>\n<meta property=\"og:title\" content=\"Pose d&#039;une isolation du plafond : tout ce que vous devez savoir !\" \/>\n<meta property=\"og:description\" content=\"Que faut-il savoir sur la pose de l&#039;isolation du plafond ? D\u00e9couvrez notre article sur le sujet : Pose d&#039;une isolation du plafond : tout ce que vous devez savoir !\" \/>\n<meta property=\"og:url\" content=\"https:\/\/www.depanneo.com\/guide\/pose-isolation-plafond\/\" \/>\n<meta property=\"og:site_name\" content=\"Guide Depanneo\" \/>\n<meta property=\"article:published_time\" content=\"2022-06-12T22:00:00+00:00\" \/>\n<meta property=\"article:modified_time\" content=\"2025-06-26T06:19:51+00:00\" \/>\n<meta property=\"og:image\" content=\"https:\/\/www.depanneo.com\/guide\/wp-content\/uploads\/2022\/05\/Entreprise-Christophe-Courric-a-Concarneau-isolation-et-doublage-1.jpg\" \/>\n\t<meta property=\"og:image:width\" content=\"2508\" \/>\n\t<meta property=\"og:image:height\" content=\"1672\" \/>\n\t<meta property=\"og:image:type\" content=\"image\/jpeg\" \/>\n<meta name=\"author\" content=\"Nicolas\" \/>\n<meta name=\"twitter:card\" content=\"summary_large_image\" \/>\n<meta name=\"twitter:label1\" content=\"\u00c9crit par\" \/>\n\t<meta name=\"twitter:data1\" content=\"Nicolas\" \/>\n\t<meta name=\"twitter:label2\" content=\"Dur\u00e9e de lecture estim\u00e9e\" \/>\n\t<meta name=\"twitter:data2\" content=\"4 minutes\" \/>\n<script type=\"application\/ld+json\" class=\"yoast-schema-graph\">{\"@context\":\"https:\\\/\\\/schema.org\",\"@graph\":[{\"@type\":\"Article\",\"@id\":\"https:\\\/\\\/www.depanneo.com\\\/guide\\\/pose-isolation-plafond\\\/#article\",\"isPartOf\":{\"@id\":\"https:\\\/\\\/www.depanneo.com\\\/guide\\\/pose-isolation-plafond\\\/\"},\"author\":{\"name\":\"Nicolas\",\"@id\":\"https:\\\/\\\/www.depanneo.com\\\/guide\\\/#\\\/schema\\\/person\\\/4c83bb64c582b8889263522a80938306\"},\"headline\":\"Que faut-il savoir sur la pose de l&rsquo;isolation du plafond ?\",\"datePublished\":\"2022-06-12T22:00:00+00:00\",\"dateModified\":\"2025-06-26T06:19:51+00:00\",\"mainEntityOfPage\":{\"@id\":\"https:\\\/\\\/www.depanneo.com\\\/guide\\\/pose-isolation-plafond\\\/\"},\"wordCount\":759,\"commentCount\":0,\"publisher\":{\"@id\":\"https:\\\/\\\/www.depanneo.com\\\/guide\\\/#organization\"},\"image\":{\"@id\":\"https:\\\/\\\/www.depanneo.com\\\/guide\\\/pose-isolation-plafond\\\/#primaryimage\"},\"thumbnailUrl\":\"https:\\\/\\\/www.depanneo.com\\\/guide\\\/wp-content\\\/uploads\\\/2022\\\/05\\\/Entreprise-Christophe-Courric-a-Concarneau-isolation-et-doublage-1.jpg\",\"articleSection\":[\"Isolation\"],\"inLanguage\":\"fr-FR\",\"potentialAction\":[{\"@type\":\"CommentAction\",\"name\":\"Comment\",\"target\":[\"https:\\\/\\\/www.depanneo.com\\\/guide\\\/pose-isolation-plafond\\\/#respond\"]}],\"copyrightYear\":\"2022\",\"copyrightHolder\":{\"@id\":\"https:\\\/\\\/www.depanneo.com\\\/guide\\\/#organization\"}},{\"@type\":\"WebPage\",\"@id\":\"https:\\\/\\\/www.depanneo.com\\\/guide\\\/pose-isolation-plafond\\\/\",\"url\":\"https:\\\/\\\/www.depanneo.com\\\/guide\\\/pose-isolation-plafond\\\/\",\"name\":\"Pose d'une isolation du plafond : tout ce que vous devez savoir !\",\"isPartOf\":{\"@id\":\"https:\\\/\\\/www.depanneo.com\\\/guide\\\/#website\"},\"primaryImageOfPage\":{\"@id\":\"https:\\\/\\\/www.depanneo.com\\\/guide\\\/pose-isolation-plafond\\\/#primaryimage\"},\"image\":{\"@id\":\"https:\\\/\\\/www.depanneo.com\\\/guide\\\/pose-isolation-plafond\\\/#primaryimage\"},\"thumbnailUrl\":\"https:\\\/\\\/www.depanneo.com\\\/guide\\\/wp-content\\\/uploads\\\/2022\\\/05\\\/Entreprise-Christophe-Courric-a-Concarneau-isolation-et-doublage-1.jpg\",\"datePublished\":\"2022-06-12T22:00:00+00:00\",\"dateModified\":\"2025-06-26T06:19:51+00:00\",\"description\":\"Que faut-il savoir sur la pose de l'isolation du plafond ? D\u00e9couvrez notre article sur le sujet : Pose d'une isolation du plafond : tout ce que vous devez savoir !\",\"breadcrumb\":{\"@id\":\"https:\\\/\\\/www.depanneo.com\\\/guide\\\/pose-isolation-plafond\\\/#breadcrumb\"},\"inLanguage\":\"fr-FR\",\"potentialAction\":[{\"@type\":\"ReadAction\",\"target\":[\"https:\\\/\\\/www.depanneo.com\\\/guide\\\/pose-isolation-plafond\\\/\"]}]},{\"@type\":\"ImageObject\",\"inLanguage\":\"fr-FR\",\"@id\":\"https:\\\/\\\/www.depanneo.com\\\/guide\\\/pose-isolation-plafond\\\/#primaryimage\",\"url\":\"https:\\\/\\\/www.depanneo.com\\\/guide\\\/wp-content\\\/uploads\\\/2022\\\/05\\\/Entreprise-Christophe-Courric-a-Concarneau-isolation-et-doublage-1.jpg\",\"contentUrl\":\"https:\\\/\\\/www.depanneo.com\\\/guide\\\/wp-content\\\/uploads\\\/2022\\\/05\\\/Entreprise-Christophe-Courric-a-Concarneau-isolation-et-doublage-1.jpg\",\"width\":2508,\"height\":1672,\"caption\":\"Que faut-il savoir sur la pose de l'isolation du plafond ?\"},{\"@type\":\"BreadcrumbList\",\"@id\":\"https:\\\/\\\/www.depanneo.com\\\/guide\\\/pose-isolation-plafond\\\/#breadcrumb\",\"itemListElement\":[{\"@type\":\"ListItem\",\"position\":1,\"name\":\"Depanneo\",\"item\":\"https:\\\/\\\/www.depanneo.com\\\/guide\\\/\"},{\"@type\":\"ListItem\",\"position\":2,\"name\":\"Isolation\",\"item\":\"https:\\\/\\\/www.depanneo.com\\\/guide\\\/isolation\\\/\"},{\"@type\":\"ListItem\",\"position\":3,\"name\":\"Que faut-il savoir sur la pose de l&rsquo;isolation du plafond ?\"}]},{\"@type\":\"WebSite\",\"@id\":\"https:\\\/\\\/www.depanneo.com\\\/guide\\\/#website\",\"url\":\"https:\\\/\\\/www.depanneo.com\\\/guide\\\/\",\"name\":\"Guide Depanneo\",\"description\":\"Conseils D\u00e9pannage &amp; Astuces Travaux\",\"publisher\":{\"@id\":\"https:\\\/\\\/www.depanneo.com\\\/guide\\\/#organization\"},\"potentialAction\":[{\"@type\":\"SearchAction\",\"target\":{\"@type\":\"EntryPoint\",\"urlTemplate\":\"https:\\\/\\\/www.depanneo.com\\\/guide\\\/?s={search_term_string}\"},\"query-input\":{\"@type\":\"PropertyValueSpecification\",\"valueRequired\":true,\"valueName\":\"search_term_string\"}}],\"inLanguage\":\"fr-FR\"},{\"@type\":\"Organization\",\"@id\":\"https:\\\/\\\/www.depanneo.com\\\/guide\\\/#organization\",\"name\":\"Depanneo\",\"url\":\"https:\\\/\\\/www.depanneo.com\\\/guide\\\/\",\"logo\":{\"@type\":\"ImageObject\",\"inLanguage\":\"fr-FR\",\"@id\":\"https:\\\/\\\/www.depanneo.com\\\/guide\\\/#\\\/schema\\\/logo\\\/image\\\/\",\"url\":\"https:\\\/\\\/www.depanneo.com\\\/guide\\\/wp-content\\\/uploads\\\/2021\\\/01\\\/logo-large-blue.png\",\"contentUrl\":\"https:\\\/\\\/www.depanneo.com\\\/guide\\\/wp-content\\\/uploads\\\/2021\\\/01\\\/logo-large-blue.png\",\"width\":4696,\"height\":1910,\"caption\":\"Depanneo\"},\"image\":{\"@id\":\"https:\\\/\\\/www.depanneo.com\\\/guide\\\/#\\\/schema\\\/logo\\\/image\\\/\"}},{\"@type\":\"Person\",\"@id\":\"https:\\\/\\\/www.depanneo.com\\\/guide\\\/#\\\/schema\\\/person\\\/4c83bb64c582b8889263522a80938306\",\"name\":\"Nicolas\",\"description\":\"R\u00e9dacteur web, autodidacte, est avant tout un passionn\u00e9 d\u2019\u00e9criture au profil technique, dot\u00e9 d\u2019une large exp\u00e9rience en BTP et d\u00e9pannage.\"}]}<\/script>\n<!-- \/ Yoast SEO plugin. -->","yoast_head_json":{"title":"Pose d'une isolation du plafond : tout ce que vous devez savoir !","description":"Que faut-il savoir sur la pose de l'isolation du plafond ? D\u00e9couvrez notre article sur le sujet : Pose d'une isolation du plafond : tout ce que vous devez savoir !","robots":{"index":"index","follow":"follow","max-snippet":"max-snippet:-1","max-image-preview":"max-image-preview:large","max-video-preview":"max-video-preview:-1"},"canonical":"https:\/\/www.depanneo.com\/guide\/pose-isolation-plafond\/","og_locale":"fr_FR","og_type":"article","og_title":"Pose d'une isolation du plafond : tout ce que vous devez savoir !","og_description":"Que faut-il savoir sur la pose de l'isolation du plafond ? D\u00e9couvrez notre article sur le sujet : Pose d'une isolation du plafond : tout ce que vous devez savoir !","og_url":"https:\/\/www.depanneo.com\/guide\/pose-isolation-plafond\/","og_site_name":"Guide Depanneo","article_published_time":"2022-06-12T22:00:00+00:00","article_modified_time":"2025-06-26T06:19:51+00:00","og_image":[{"width":2508,"height":1672,"url":"https:\/\/www.depanneo.com\/guide\/wp-content\/uploads\/2022\/05\/Entreprise-Christophe-Courric-a-Concarneau-isolation-et-doublage-1.jpg","type":"image\/jpeg"}],"author":"Nicolas","twitter_card":"summary_large_image","twitter_misc":{"\u00c9crit par":"Nicolas","Dur\u00e9e de lecture estim\u00e9e":"4 minutes"},"schema":{"@context":"https:\/\/schema.org","@graph":[{"@type":"Article","@id":"https:\/\/www.depanneo.com\/guide\/pose-isolation-plafond\/#article","isPartOf":{"@id":"https:\/\/www.depanneo.com\/guide\/pose-isolation-plafond\/"},"author":{"name":"Nicolas","@id":"https:\/\/www.depanneo.com\/guide\/#\/schema\/person\/4c83bb64c582b8889263522a80938306"},"headline":"Que faut-il savoir sur la pose de l&rsquo;isolation du plafond ?","datePublished":"2022-06-12T22:00:00+00:00","dateModified":"2025-06-26T06:19:51+00:00","mainEntityOfPage":{"@id":"https:\/\/www.depanneo.com\/guide\/pose-isolation-plafond\/"},"wordCount":759,"commentCount":0,"publisher":{"@id":"https:\/\/www.depanneo.com\/guide\/#organization"},"image":{"@id":"https:\/\/www.depanneo.com\/guide\/pose-isolation-plafond\/#primaryimage"},"thumbnailUrl":"https:\/\/www.depanneo.com\/guide\/wp-content\/uploads\/2022\/05\/Entreprise-Christophe-Courric-a-Concarneau-isolation-et-doublage-1.jpg","articleSection":["Isolation"],"inLanguage":"fr-FR","potentialAction":[{"@type":"CommentAction","name":"Comment","target":["https:\/\/www.depanneo.com\/guide\/pose-isolation-plafond\/#respond"]}],"copyrightYear":"2022","copyrightHolder":{"@id":"https:\/\/www.depanneo.com\/guide\/#organization"}},{"@type":"WebPage","@id":"https:\/\/www.depanneo.com\/guide\/pose-isolation-plafond\/","url":"https:\/\/www.depanneo.com\/guide\/pose-isolation-plafond\/","name":"Pose d'une isolation du plafond : tout ce que vous devez savoir !","isPartOf":{"@id":"https:\/\/www.depanneo.com\/guide\/#website"},"primaryImageOfPage":{"@id":"https:\/\/www.depanneo.com\/guide\/pose-isolation-plafond\/#primaryimage"},"image":{"@id":"https:\/\/www.depanneo.com\/guide\/pose-isolation-plafond\/#primaryimage"},"thumbnailUrl":"https:\/\/www.depanneo.com\/guide\/wp-content\/uploads\/2022\/05\/Entreprise-Christophe-Courric-a-Concarneau-isolation-et-doublage-1.jpg","datePublished":"2022-06-12T22:00:00+00:00","dateModified":"2025-06-26T06:19:51+00:00","description":"Que faut-il savoir sur la pose de l'isolation du plafond ? D\u00e9couvrez notre article sur le sujet : Pose d'une isolation du plafond : tout ce que vous devez savoir !","breadcrumb":{"@id":"https:\/\/www.depanneo.com\/guide\/pose-isolation-plafond\/#breadcrumb"},"inLanguage":"fr-FR","potentialAction":[{"@type":"ReadAction","target":["https:\/\/www.depanneo.com\/guide\/pose-isolation-plafond\/"]}]},{"@type":"ImageObject","inLanguage":"fr-FR","@id":"https:\/\/www.depanneo.com\/guide\/pose-isolation-plafond\/#primaryimage","url":"https:\/\/www.depanneo.com\/guide\/wp-content\/uploads\/2022\/05\/Entreprise-Christophe-Courric-a-Concarneau-isolation-et-doublage-1.jpg","contentUrl":"https:\/\/www.depanneo.com\/guide\/wp-content\/uploads\/2022\/05\/Entreprise-Christophe-Courric-a-Concarneau-isolation-et-doublage-1.jpg","width":2508,"height":1672,"caption":"Que faut-il savoir sur la pose de l'isolation du plafond ?"},{"@type":"BreadcrumbList","@id":"https:\/\/www.depanneo.com\/guide\/pose-isolation-plafond\/#breadcrumb","itemListElement":[{"@type":"ListItem","position":1,"name":"Depanneo","item":"https:\/\/www.depanneo.com\/guide\/"},{"@type":"ListItem","position":2,"name":"Isolation","item":"https:\/\/www.depanneo.com\/guide\/isolation\/"},{"@type":"ListItem","position":3,"name":"Que faut-il savoir sur la pose de l&rsquo;isolation du plafond ?"}]},{"@type":"WebSite","@id":"https:\/\/www.depanneo.com\/guide\/#website","url":"https:\/\/www.depanneo.com\/guide\/","name":"Guide Depanneo","description":"Conseils D\u00e9pannage &amp; Astuces Travaux","publisher":{"@id":"https:\/\/www.depanneo.com\/guide\/#organization"},"potentialAction":[{"@type":"SearchAction","target":{"@type":"EntryPoint","urlTemplate":"https:\/\/www.depanneo.com\/guide\/?s={search_term_string}"},"query-input":{"@type":"PropertyValueSpecification","valueRequired":true,"valueName":"search_term_string"}}],"inLanguage":"fr-FR"},{"@type":"Organization","@id":"https:\/\/www.depanneo.com\/guide\/#organization","name":"Depanneo","url":"https:\/\/www.depanneo.com\/guide\/","logo":{"@type":"ImageObject","inLanguage":"fr-FR","@id":"https:\/\/www.depanneo.com\/guide\/#\/schema\/logo\/image\/","url":"https:\/\/www.depanneo.com\/guide\/wp-content\/uploads\/2021\/01\/logo-large-blue.png","contentUrl":"https:\/\/www.depanneo.com\/guide\/wp-content\/uploads\/2021\/01\/logo-large-blue.png","width":4696,"height":1910,"caption":"Depanneo"},"image":{"@id":"https:\/\/www.depanneo.com\/guide\/#\/schema\/logo\/image\/"}},{"@type":"Person","@id":"https:\/\/www.depanneo.com\/guide\/#\/schema\/person\/4c83bb64c582b8889263522a80938306","name":"Nicolas","description":"R\u00e9dacteur web, autodidacte, est avant tout un passionn\u00e9 d\u2019\u00e9criture au profil technique, dot\u00e9 d\u2019une large exp\u00e9rience en BTP et d\u00e9pannage."}]}},"_links":{"self":[{"href":"https:\/\/www.depanneo.com\/guide\/wp-json\/wp\/v2\/posts\/828","targetHints":{"allow":["GET"]}}],"collection":[{"href":"https:\/\/www.depanneo.com\/guide\/wp-json\/wp\/v2\/posts"}],"about":[{"href":"https:\/\/www.depanneo.com\/guide\/wp-json\/wp\/v2\/types\/post"}],"author":[{"embeddable":true,"href":"https:\/\/www.depanneo.com\/guide\/wp-json\/wp\/v2\/users\/2"}],"replies":[{"embeddable":true,"href":"https:\/\/www.depanneo.com\/guide\/wp-json\/wp\/v2\/comments?post=828"}],"version-history":[{"count":1,"href":"https:\/\/www.depanneo.com\/guide\/wp-json\/wp\/v2\/posts\/828\/revisions"}],"predecessor-version":[{"id":4524,"href":"https:\/\/www.depanneo.com\/guide\/wp-json\/wp\/v2\/posts\/828\/revisions\/4524"}],"wp:featuredmedia":[{"embeddable":true,"href":"https:\/\/www.depanneo.com\/guide\/wp-json\/wp\/v2\/media\/829"}],"wp:attachment":[{"href":"https:\/\/www.depanneo.com\/guide\/wp-json\/wp\/v2\/media?parent=828"}],"wp:term":[{"taxonomy":"category","embeddable":true,"href":"https:\/\/www.depanneo.com\/guide\/wp-json\/wp\/v2\/categories?post=828"},{"taxonomy":"post_tag","embeddable":true,"href":"https:\/\/www.depanneo.com\/guide\/wp-json\/wp\/v2\/tags?post=828"}],"curies":[{"name":"wp","href":"https:\/\/api.w.org\/{rel}","templated":true}]}}