{"id":824,"date":"2022-06-05T00:00:00","date_gmt":"2022-06-04T22:00:00","guid":{"rendered":"https:\/\/www.depanneo.com\/guide\/?p=824"},"modified":"2025-06-26T08:13:52","modified_gmt":"2025-06-26T06:13:52","slug":"isoler-plafond","status":"publish","type":"post","link":"https:\/\/www.depanneo.com\/guide\/isoler-plafond\/","title":{"rendered":"Pourquoi isoler le plafond ?"},"content":{"rendered":"<p>Pour \u00e9viter une facture \u00e9nerg\u00e9tique sal\u00e9 ainsi que le bruit de la rue ou de vos voisins, il est recommand\u00e9 d\u2019isoler les plafonds de votre habitation. Ces travaux n\u00e9cessitent l\u2019intervention d\u2019un sp\u00e9cialiste dans le domaine pour r\u00e9ussir l\u2019isolation.<\/p>\n<p>Dans cet article, on vous explique l\u2019importance de l\u2019isolation du plafond, les pi\u00e8ces \u00e0 isoler ainsi que les diff\u00e9rents mat\u00e9riaux d\u2019isolation.<\/p>\n<h2>Pourquoi isoler un plafond ?<\/h2>\n<p>Une bonne isolation thermique permet de r\u00e9duire le co\u00fbt des factures. En effet, l\u2019isolation du plafond a plusieurs avantages. D\u2019abord, l\u2019isolation thermique aide \u00e0 garder la chaleur \u00e0 l\u2019int\u00e9rieur du domicile en hiver et permet de garder une temp\u00e9rature agr\u00e9able durant l\u2019\u00e9t\u00e9. Donc, la consommation \u00e9nerg\u00e9tique est r\u00e9duite.<\/p>\n<p>De plus, l\u2019isolation thermique du plafond participe \u00e0 <strong>la protection de l&rsquo;environnement<\/strong>, elle engendre une diminution de consommation de ressources naturelles, puisque l\u2019habitation rejette moins de dioxyde de carbone, un gaz responsable du r\u00e9chauffement climatique.<\/p>\n<p>Par ailleurs, une isolation phonique permet de <strong>r\u00e9duire les bruits<\/strong> venant de la rue ou de chez les voisins, c\u2019est d\u2019ailleurs une isolation souvent utilis\u00e9e pour les appartements dans les immeubles ou les copropri\u00e9t\u00e9s. Enfin, il faut savoir que l\u2019isolation thermique r\u00e9duit l\u2019apparition d\u2019humidit\u00e9 dans la maison, cette humidit\u00e9 peut causer des allergies et des probl\u00e8mes respiratoires.<\/p>\n<h2>Quels sont les espaces qu\u2019il faut isoler ?<\/h2>\n<p>L\u2019isolation thermique et acoustiques r\u00e9duit la pollution sonore et permet de garder la chaleur dans une pi\u00e8ce. Quelques pi\u00e8ces de la maison ou de l\u2019appartement, plus que d&rsquo;autres, n\u00e9cessite une isolation, \u00e0 savoir :<\/p>\n<ul>\n<li>Le plafond de la cave et du sous-sol ;<\/li>\n<li>Le plafond du garage ;<\/li>\n<li>Le plafond entre deux \u00e9tages ;<\/li>\n<li>Les combles et les greniers ;<\/li>\n<\/ul>\n<p>Une cave ou un garage se refroidissent facilement durant la saison hivernale, c\u2019est la raison pour laquelle une bonne isolation thermique est recommand\u00e9e. Les plaques isolantes doivent \u00eatre fabriqu\u00e9es en XPS, PUR, EPS ou PIR pour qu\u2019elles soient <strong>r\u00e9sistantes \u00e0 l\u2019humidit\u00e9<\/strong>.<\/p>\n<p>Par ailleurs, <strong>la ouate de cellulose <\/strong>ou<strong> la laine de verre <\/strong>sont utilis\u00e9es pour l\u2019isolation d\u2019un plafond d\u2019une chambre entre deux \u00e9tages, dans le but de r\u00e9duire le bruit et garder la chaleur de la pi\u00e8ce.<\/p>\n<p>Finalement, l\u2019isolation du grenier se fait, soit en isolant son plafond, s\u2019il est am\u00e9nag\u00e9 en pi\u00e8ce, ou en isolant le sol dans le cas o\u00f9 le grenier ne serait pas utilis\u00e9.<\/p>\n<h2>Quels mat\u00e9riaux utiliser pour isoler un plafond ?<\/h2>\n<p>Pour une isolation phonique ou thermique, le choix du mat\u00e9riau des plaques isolantes se fait selon la surface du toit, le type d\u2019isolation que vous souhaitez mettre en place ainsi que la localisation de la pi\u00e8ce.<\/p>\n<p>Il existe plusieurs mat\u00e9riaux pour faire une isolation dans un domicile. \u00c0 commencer par<strong> les mati\u00e8res naturelles<\/strong>, fibre de bois, fibre de lin, fibres de coco, ouate de cellulose, laine de chanvre, laine de bois et laine de mouton.<\/p>\n<p>En outre, vous pouvez choisir des <strong>isolants min\u00e9raux, <\/strong>\u00e0 l\u2019image de la laine de roche ou la laine de verre, ainsi que la vermiculite, ou au contraire, vous pouvez opter pour des <strong>isolants synth\u00e9tiques<\/strong> comme le polystyr\u00e8ne expans\u00e9 ou le polyur\u00e9thane.<\/p>\n<p>Enfin, l\u2019isolation peut se faire avec des isolants minces, qui se composent de plusieurs couches d\u2019isolants entre deux feuilles d\u2019aluminium, dans le but de r\u00e9fl\u00e9chir le rayonnement thermique.<\/p>\n<p>Le tarif de l\u2019isolation thermique ou acoustique d\u2019un plafond d\u00e9pend de plusieurs facteurs, comme la surface \u00e0 isoler et le type d\u2019isolants choisi, la technicit\u00e9 de la pose et la main d\u2019\u0153uvre. Si vous choisissez un isolant v\u00e9g\u00e9tal, pr\u00e9voyez un budget de 15 euros \u00e0 30 euros\/ m\u00b2. Par contre, dans le cas o\u00f9 vous opteriez pour un isolant synth\u00e9tique, il faut pr\u00e9voir un tarif de 10 euros \u00e0 20 euros\/ m\u00b2 et 3 euros \u00e0 10 euros\/ m\u00b2 pour une isolation min\u00e9rale. En ajoutant, dans les trois cas, le prix des fournitures et celui de la main-d\u2019\u0153uvre.<\/p>\n<blockquote class=\"custom-dpno-block block-infos\">\n<p class=\"block-title\"><i class=\"fa-solid fa-circle-info\"><\/i>Informations:<\/p>\n<p>Vous souhaitez en savoir davantage sur <a href=\"https:\/\/www.depanneo.com\/guide\/budget-changement-isolation-plafond\/\">le budget n\u00e9cessaire dont vous aurez besoin pour le changement de l&rsquo;isolation d&rsquo;un plafond<\/a> ? Vous pouvez retrouver notre guide complet sur notre blog.<\/p><\/blockquote>\n","protected":false},"excerpt":{"rendered":"<p>Pour \u00e9viter une facture \u00e9nerg\u00e9tique sal\u00e9 ainsi que le bruit de la rue ou de vos voisins, il est recommand\u00e9 d\u2019isoler les plafonds de votre habitation. Ces [&hellip;]<\/p>\n","protected":false},"author":2,"featured_media":825,"comment_status":"open","ping_status":"open","sticky":false,"template":"","format":"standard","meta":{"_yoast_wpseo_focuskw":"","_yoast_wpseo_title":"Isoler le plafond : quels mat\u00e9riaux utiliser pour isoler un plafond ?","_yoast_wpseo_metadesc":"Pourquoi isoler le plafond ? D\u00e9couvrez notre article sur le sujet : Isoler le plafond : quels mat\u00e9riaux utiliser pour isoler un plafond ?","footnotes":""},"categories":[11],"tags":[],"class_list":["post-824","post","type-post","status-publish","format-standard","has-post-thumbnail","hentry","category-isolation"],"yoast_head":"<!-- This site is optimized with the Yoast SEO plugin v27.5 - https:\/\/yoast.com\/product\/yoast-seo-wordpress\/ -->\n<title>Isoler le plafond : quels mat\u00e9riaux utiliser pour isoler un plafond ?<\/title>\n<meta name=\"description\" content=\"Pourquoi isoler le plafond ? D\u00e9couvrez notre article sur le sujet : Isoler le plafond : quels mat\u00e9riaux utiliser pour isoler un plafond ?\" \/>\n<meta name=\"robots\" content=\"index, follow, max-snippet:-1, max-image-preview:large, max-video-preview:-1\" \/>\n<link rel=\"canonical\" href=\"https:\/\/www.depanneo.com\/guide\/isoler-plafond\/\" \/>\n<meta property=\"og:locale\" content=\"fr_FR\" \/>\n<meta property=\"og:type\" content=\"article\" \/>\n<meta property=\"og:title\" content=\"Isoler le plafond : quels mat\u00e9riaux utiliser pour isoler un plafond ?\" \/>\n<meta property=\"og:description\" content=\"Pourquoi isoler le plafond ? D\u00e9couvrez notre article sur le sujet : Isoler le plafond : quels mat\u00e9riaux utiliser pour isoler un plafond ?\" \/>\n<meta property=\"og:url\" content=\"https:\/\/www.depanneo.com\/guide\/isoler-plafond\/\" \/>\n<meta property=\"og:site_name\" content=\"Guide Depanneo\" \/>\n<meta property=\"article:published_time\" content=\"2022-06-04T22:00:00+00:00\" \/>\n<meta property=\"article:modified_time\" content=\"2025-06-26T06:13:52+00:00\" \/>\n<meta property=\"og:image\" content=\"https:\/\/www.depanneo.com\/guide\/wp-content\/uploads\/2022\/05\/isolation-toiture-prix-scaled.jpeg\" \/>\n\t<meta property=\"og:image:width\" content=\"2560\" \/>\n\t<meta property=\"og:image:height\" content=\"1280\" \/>\n\t<meta property=\"og:image:type\" content=\"image\/jpeg\" \/>\n<meta name=\"author\" content=\"Nicolas\" \/>\n<meta name=\"twitter:card\" content=\"summary_large_image\" \/>\n<meta name=\"twitter:label1\" content=\"\u00c9crit par\" \/>\n\t<meta name=\"twitter:data1\" content=\"Nicolas\" \/>\n\t<meta name=\"twitter:label2\" content=\"Dur\u00e9e de lecture estim\u00e9e\" \/>\n\t<meta name=\"twitter:data2\" content=\"4 minutes\" \/>\n<script type=\"application\/ld+json\" class=\"yoast-schema-graph\">{\"@context\":\"https:\\\/\\\/schema.org\",\"@graph\":[{\"@type\":\"Article\",\"@id\":\"https:\\\/\\\/www.depanneo.com\\\/guide\\\/isoler-plafond\\\/#article\",\"isPartOf\":{\"@id\":\"https:\\\/\\\/www.depanneo.com\\\/guide\\\/isoler-plafond\\\/\"},\"author\":{\"name\":\"Nicolas\",\"@id\":\"https:\\\/\\\/www.depanneo.com\\\/guide\\\/#\\\/schema\\\/person\\\/4c83bb64c582b8889263522a80938306\"},\"headline\":\"Pourquoi isoler le plafond ?\",\"datePublished\":\"2022-06-04T22:00:00+00:00\",\"dateModified\":\"2025-06-26T06:13:52+00:00\",\"mainEntityOfPage\":{\"@id\":\"https:\\\/\\\/www.depanneo.com\\\/guide\\\/isoler-plafond\\\/\"},\"wordCount\":734,\"commentCount\":0,\"publisher\":{\"@id\":\"https:\\\/\\\/www.depanneo.com\\\/guide\\\/#organization\"},\"image\":{\"@id\":\"https:\\\/\\\/www.depanneo.com\\\/guide\\\/isoler-plafond\\\/#primaryimage\"},\"thumbnailUrl\":\"https:\\\/\\\/www.depanneo.com\\\/guide\\\/wp-content\\\/uploads\\\/2022\\\/05\\\/isolation-toiture-prix-scaled.jpeg\",\"articleSection\":[\"Isolation\"],\"inLanguage\":\"fr-FR\",\"potentialAction\":[{\"@type\":\"CommentAction\",\"name\":\"Comment\",\"target\":[\"https:\\\/\\\/www.depanneo.com\\\/guide\\\/isoler-plafond\\\/#respond\"]}],\"copyrightYear\":\"2022\",\"copyrightHolder\":{\"@id\":\"https:\\\/\\\/www.depanneo.com\\\/guide\\\/#organization\"}},{\"@type\":\"WebPage\",\"@id\":\"https:\\\/\\\/www.depanneo.com\\\/guide\\\/isoler-plafond\\\/\",\"url\":\"https:\\\/\\\/www.depanneo.com\\\/guide\\\/isoler-plafond\\\/\",\"name\":\"Isoler le plafond : quels mat\u00e9riaux utiliser pour isoler un plafond ?\",\"isPartOf\":{\"@id\":\"https:\\\/\\\/www.depanneo.com\\\/guide\\\/#website\"},\"primaryImageOfPage\":{\"@id\":\"https:\\\/\\\/www.depanneo.com\\\/guide\\\/isoler-plafond\\\/#primaryimage\"},\"image\":{\"@id\":\"https:\\\/\\\/www.depanneo.com\\\/guide\\\/isoler-plafond\\\/#primaryimage\"},\"thumbnailUrl\":\"https:\\\/\\\/www.depanneo.com\\\/guide\\\/wp-content\\\/uploads\\\/2022\\\/05\\\/isolation-toiture-prix-scaled.jpeg\",\"datePublished\":\"2022-06-04T22:00:00+00:00\",\"dateModified\":\"2025-06-26T06:13:52+00:00\",\"description\":\"Pourquoi isoler le plafond ? D\u00e9couvrez notre article sur le sujet : Isoler le plafond : quels mat\u00e9riaux utiliser pour isoler un plafond ?\",\"breadcrumb\":{\"@id\":\"https:\\\/\\\/www.depanneo.com\\\/guide\\\/isoler-plafond\\\/#breadcrumb\"},\"inLanguage\":\"fr-FR\",\"potentialAction\":[{\"@type\":\"ReadAction\",\"target\":[\"https:\\\/\\\/www.depanneo.com\\\/guide\\\/isoler-plafond\\\/\"]}]},{\"@type\":\"ImageObject\",\"inLanguage\":\"fr-FR\",\"@id\":\"https:\\\/\\\/www.depanneo.com\\\/guide\\\/isoler-plafond\\\/#primaryimage\",\"url\":\"https:\\\/\\\/www.depanneo.com\\\/guide\\\/wp-content\\\/uploads\\\/2022\\\/05\\\/isolation-toiture-prix-scaled.jpeg\",\"contentUrl\":\"https:\\\/\\\/www.depanneo.com\\\/guide\\\/wp-content\\\/uploads\\\/2022\\\/05\\\/isolation-toiture-prix-scaled.jpeg\",\"width\":2560,\"height\":1280,\"caption\":\"Pourquoi isoler le plafond ?\"},{\"@type\":\"BreadcrumbList\",\"@id\":\"https:\\\/\\\/www.depanneo.com\\\/guide\\\/isoler-plafond\\\/#breadcrumb\",\"itemListElement\":[{\"@type\":\"ListItem\",\"position\":1,\"name\":\"Depanneo\",\"item\":\"https:\\\/\\\/www.depanneo.com\\\/guide\\\/\"},{\"@type\":\"ListItem\",\"position\":2,\"name\":\"Isolation\",\"item\":\"https:\\\/\\\/www.depanneo.com\\\/guide\\\/isolation\\\/\"},{\"@type\":\"ListItem\",\"position\":3,\"name\":\"Pourquoi isoler le plafond ?\"}]},{\"@type\":\"WebSite\",\"@id\":\"https:\\\/\\\/www.depanneo.com\\\/guide\\\/#website\",\"url\":\"https:\\\/\\\/www.depanneo.com\\\/guide\\\/\",\"name\":\"Guide Depanneo\",\"description\":\"Conseils D\u00e9pannage &amp; Astuces Travaux\",\"publisher\":{\"@id\":\"https:\\\/\\\/www.depanneo.com\\\/guide\\\/#organization\"},\"potentialAction\":[{\"@type\":\"SearchAction\",\"target\":{\"@type\":\"EntryPoint\",\"urlTemplate\":\"https:\\\/\\\/www.depanneo.com\\\/guide\\\/?s={search_term_string}\"},\"query-input\":{\"@type\":\"PropertyValueSpecification\",\"valueRequired\":true,\"valueName\":\"search_term_string\"}}],\"inLanguage\":\"fr-FR\"},{\"@type\":\"Organization\",\"@id\":\"https:\\\/\\\/www.depanneo.com\\\/guide\\\/#organization\",\"name\":\"Depanneo\",\"url\":\"https:\\\/\\\/www.depanneo.com\\\/guide\\\/\",\"logo\":{\"@type\":\"ImageObject\",\"inLanguage\":\"fr-FR\",\"@id\":\"https:\\\/\\\/www.depanneo.com\\\/guide\\\/#\\\/schema\\\/logo\\\/image\\\/\",\"url\":\"https:\\\/\\\/www.depanneo.com\\\/guide\\\/wp-content\\\/uploads\\\/2021\\\/01\\\/logo-large-blue.png\",\"contentUrl\":\"https:\\\/\\\/www.depanneo.com\\\/guide\\\/wp-content\\\/uploads\\\/2021\\\/01\\\/logo-large-blue.png\",\"width\":4696,\"height\":1910,\"caption\":\"Depanneo\"},\"image\":{\"@id\":\"https:\\\/\\\/www.depanneo.com\\\/guide\\\/#\\\/schema\\\/logo\\\/image\\\/\"}},{\"@type\":\"Person\",\"@id\":\"https:\\\/\\\/www.depanneo.com\\\/guide\\\/#\\\/schema\\\/person\\\/4c83bb64c582b8889263522a80938306\",\"name\":\"Nicolas\",\"description\":\"R\u00e9dacteur web, autodidacte, est avant tout un passionn\u00e9 d\u2019\u00e9criture au profil technique, dot\u00e9 d\u2019une large exp\u00e9rience en BTP et d\u00e9pannage.\"}]}<\/script>\n<!-- \/ Yoast SEO plugin. -->","yoast_head_json":{"title":"Isoler le plafond : quels mat\u00e9riaux utiliser pour isoler un plafond ?","description":"Pourquoi isoler le plafond ? D\u00e9couvrez notre article sur le sujet : Isoler le plafond : quels mat\u00e9riaux utiliser pour isoler un plafond ?","robots":{"index":"index","follow":"follow","max-snippet":"max-snippet:-1","max-image-preview":"max-image-preview:large","max-video-preview":"max-video-preview:-1"},"canonical":"https:\/\/www.depanneo.com\/guide\/isoler-plafond\/","og_locale":"fr_FR","og_type":"article","og_title":"Isoler le plafond : quels mat\u00e9riaux utiliser pour isoler un plafond ?","og_description":"Pourquoi isoler le plafond ? D\u00e9couvrez notre article sur le sujet : Isoler le plafond : quels mat\u00e9riaux utiliser pour isoler un plafond ?","og_url":"https:\/\/www.depanneo.com\/guide\/isoler-plafond\/","og_site_name":"Guide Depanneo","article_published_time":"2022-06-04T22:00:00+00:00","article_modified_time":"2025-06-26T06:13:52+00:00","og_image":[{"width":2560,"height":1280,"url":"https:\/\/www.depanneo.com\/guide\/wp-content\/uploads\/2022\/05\/isolation-toiture-prix-scaled.jpeg","type":"image\/jpeg"}],"author":"Nicolas","twitter_card":"summary_large_image","twitter_misc":{"\u00c9crit par":"Nicolas","Dur\u00e9e de lecture estim\u00e9e":"4 minutes"},"schema":{"@context":"https:\/\/schema.org","@graph":[{"@type":"Article","@id":"https:\/\/www.depanneo.com\/guide\/isoler-plafond\/#article","isPartOf":{"@id":"https:\/\/www.depanneo.com\/guide\/isoler-plafond\/"},"author":{"name":"Nicolas","@id":"https:\/\/www.depanneo.com\/guide\/#\/schema\/person\/4c83bb64c582b8889263522a80938306"},"headline":"Pourquoi isoler le plafond ?","datePublished":"2022-06-04T22:00:00+00:00","dateModified":"2025-06-26T06:13:52+00:00","mainEntityOfPage":{"@id":"https:\/\/www.depanneo.com\/guide\/isoler-plafond\/"},"wordCount":734,"commentCount":0,"publisher":{"@id":"https:\/\/www.depanneo.com\/guide\/#organization"},"image":{"@id":"https:\/\/www.depanneo.com\/guide\/isoler-plafond\/#primaryimage"},"thumbnailUrl":"https:\/\/www.depanneo.com\/guide\/wp-content\/uploads\/2022\/05\/isolation-toiture-prix-scaled.jpeg","articleSection":["Isolation"],"inLanguage":"fr-FR","potentialAction":[{"@type":"CommentAction","name":"Comment","target":["https:\/\/www.depanneo.com\/guide\/isoler-plafond\/#respond"]}],"copyrightYear":"2022","copyrightHolder":{"@id":"https:\/\/www.depanneo.com\/guide\/#organization"}},{"@type":"WebPage","@id":"https:\/\/www.depanneo.com\/guide\/isoler-plafond\/","url":"https:\/\/www.depanneo.com\/guide\/isoler-plafond\/","name":"Isoler le plafond : quels mat\u00e9riaux utiliser pour isoler un plafond ?","isPartOf":{"@id":"https:\/\/www.depanneo.com\/guide\/#website"},"primaryImageOfPage":{"@id":"https:\/\/www.depanneo.com\/guide\/isoler-plafond\/#primaryimage"},"image":{"@id":"https:\/\/www.depanneo.com\/guide\/isoler-plafond\/#primaryimage"},"thumbnailUrl":"https:\/\/www.depanneo.com\/guide\/wp-content\/uploads\/2022\/05\/isolation-toiture-prix-scaled.jpeg","datePublished":"2022-06-04T22:00:00+00:00","dateModified":"2025-06-26T06:13:52+00:00","description":"Pourquoi isoler le plafond ? D\u00e9couvrez notre article sur le sujet : Isoler le plafond : quels mat\u00e9riaux utiliser pour isoler un plafond ?","breadcrumb":{"@id":"https:\/\/www.depanneo.com\/guide\/isoler-plafond\/#breadcrumb"},"inLanguage":"fr-FR","potentialAction":[{"@type":"ReadAction","target":["https:\/\/www.depanneo.com\/guide\/isoler-plafond\/"]}]},{"@type":"ImageObject","inLanguage":"fr-FR","@id":"https:\/\/www.depanneo.com\/guide\/isoler-plafond\/#primaryimage","url":"https:\/\/www.depanneo.com\/guide\/wp-content\/uploads\/2022\/05\/isolation-toiture-prix-scaled.jpeg","contentUrl":"https:\/\/www.depanneo.com\/guide\/wp-content\/uploads\/2022\/05\/isolation-toiture-prix-scaled.jpeg","width":2560,"height":1280,"caption":"Pourquoi isoler le plafond ?"},{"@type":"BreadcrumbList","@id":"https:\/\/www.depanneo.com\/guide\/isoler-plafond\/#breadcrumb","itemListElement":[{"@type":"ListItem","position":1,"name":"Depanneo","item":"https:\/\/www.depanneo.com\/guide\/"},{"@type":"ListItem","position":2,"name":"Isolation","item":"https:\/\/www.depanneo.com\/guide\/isolation\/"},{"@type":"ListItem","position":3,"name":"Pourquoi isoler le plafond ?"}]},{"@type":"WebSite","@id":"https:\/\/www.depanneo.com\/guide\/#website","url":"https:\/\/www.depanneo.com\/guide\/","name":"Guide Depanneo","description":"Conseils D\u00e9pannage &amp; Astuces Travaux","publisher":{"@id":"https:\/\/www.depanneo.com\/guide\/#organization"},"potentialAction":[{"@type":"SearchAction","target":{"@type":"EntryPoint","urlTemplate":"https:\/\/www.depanneo.com\/guide\/?s={search_term_string}"},"query-input":{"@type":"PropertyValueSpecification","valueRequired":true,"valueName":"search_term_string"}}],"inLanguage":"fr-FR"},{"@type":"Organization","@id":"https:\/\/www.depanneo.com\/guide\/#organization","name":"Depanneo","url":"https:\/\/www.depanneo.com\/guide\/","logo":{"@type":"ImageObject","inLanguage":"fr-FR","@id":"https:\/\/www.depanneo.com\/guide\/#\/schema\/logo\/image\/","url":"https:\/\/www.depanneo.com\/guide\/wp-content\/uploads\/2021\/01\/logo-large-blue.png","contentUrl":"https:\/\/www.depanneo.com\/guide\/wp-content\/uploads\/2021\/01\/logo-large-blue.png","width":4696,"height":1910,"caption":"Depanneo"},"image":{"@id":"https:\/\/www.depanneo.com\/guide\/#\/schema\/logo\/image\/"}},{"@type":"Person","@id":"https:\/\/www.depanneo.com\/guide\/#\/schema\/person\/4c83bb64c582b8889263522a80938306","name":"Nicolas","description":"R\u00e9dacteur web, autodidacte, est avant tout un passionn\u00e9 d\u2019\u00e9criture au profil technique, dot\u00e9 d\u2019une large exp\u00e9rience en BTP et d\u00e9pannage."}]}},"_links":{"self":[{"href":"https:\/\/www.depanneo.com\/guide\/wp-json\/wp\/v2\/posts\/824","targetHints":{"allow":["GET"]}}],"collection":[{"href":"https:\/\/www.depanneo.com\/guide\/wp-json\/wp\/v2\/posts"}],"about":[{"href":"https:\/\/www.depanneo.com\/guide\/wp-json\/wp\/v2\/types\/post"}],"author":[{"embeddable":true,"href":"https:\/\/www.depanneo.com\/guide\/wp-json\/wp\/v2\/users\/2"}],"replies":[{"embeddable":true,"href":"https:\/\/www.depanneo.com\/guide\/wp-json\/wp\/v2\/comments?post=824"}],"version-history":[{"count":1,"href":"https:\/\/www.depanneo.com\/guide\/wp-json\/wp\/v2\/posts\/824\/revisions"}],"predecessor-version":[{"id":4521,"href":"https:\/\/www.depanneo.com\/guide\/wp-json\/wp\/v2\/posts\/824\/revisions\/4521"}],"wp:featuredmedia":[{"embeddable":true,"href":"https:\/\/www.depanneo.com\/guide\/wp-json\/wp\/v2\/media\/825"}],"wp:attachment":[{"href":"https:\/\/www.depanneo.com\/guide\/wp-json\/wp\/v2\/media?parent=824"}],"wp:term":[{"taxonomy":"category","embeddable":true,"href":"https:\/\/www.depanneo.com\/guide\/wp-json\/wp\/v2\/categories?post=824"},{"taxonomy":"post_tag","embeddable":true,"href":"https:\/\/www.depanneo.com\/guide\/wp-json\/wp\/v2\/tags?post=824"}],"curies":[{"name":"wp","href":"https:\/\/api.w.org\/{rel}","templated":true}]}}