{"id":1276,"date":"2022-10-25T07:57:32","date_gmt":"2022-10-25T05:57:32","guid":{"rendered":"https:\/\/www.depanneo.com\/guide\/?p=1276"},"modified":"2022-10-25T11:34:52","modified_gmt":"2022-10-25T09:34:52","slug":"eteindre-pompe-chaleur-ete","status":"publish","type":"post","link":"https:\/\/www.depanneo.com\/guide\/eteindre-pompe-chaleur-ete\/","title":{"rendered":"Faut-il \u00e9teindre sa pompe \u00e0 chaleur l\u2019\u00e9t\u00e9 ?"},"content":{"rendered":"<p>L\u2019\u00e9t\u00e9 arrive et vous vous demandez s\u2019il est n\u00e9cessaire d\u2019arr\u00eater votre pompe \u00e0 chaleur ? Vous vous souciez d\u2019\u00e9conomiser au maximum votre \u00e9nergie ? Rassurez-vous, vous n\u2019\u00eates pas le seul \u00e0 vous demander s\u2019il faut <strong>\u00e9teindre sa pompe \u00e0 chaleur l\u2019\u00e9t\u00e9<\/strong>. Dans cet article, retrouvez la r\u00e9ponse \u00e0 cette question ainsi que des conseils sur l\u2019utilisation de votre PAC en \u00e9t\u00e9.<\/p>\n<h2>Faut-il \u00e9teindre la pompe \u00e0 chaleur l\u2019\u00e9t\u00e9 ?<\/h2>\n<p>Non, il n\u2019est pas obligatoire d\u2019\u00e9teindre la pompe \u00e0 chaleur en \u00e9t\u00e9. Au contraire, il est m\u00eame conseill\u00e9 de la laisser allum\u00e9e. Pourquoi ? Parce que les arr\u00eats de longue dur\u00e9e repr\u00e9sentent un risque pour le compresseur. Il fonctionne avec de l\u2019huile et du fluide frigorig\u00e8ne. Un arr\u00eat trop long peut pr\u00e9senter un risque pour le syst\u00e8me et \u00eatre \u00e0 l\u2019origine de fuites de fluide.<\/p>\n<h2>Est-ce \u00e9conomique d\u2019\u00e9teindre la pompe \u00e0 chaleur l\u2019\u00e9t\u00e9 ?<\/h2>\n<p>Non, pas vraiment. C\u2019est s\u00fbr, vous consommerez moins d\u2019\u00e9nergie \u00e0 l\u2019ann\u00e9e si vous \u00e9teignez votre pompe \u00e0 chaleur durant l\u2019\u00e9t\u00e9. Mais l\u2019\u00e9conomie r\u00e9alis\u00e9e est minime, elle ne repr\u00e9sente pas plus d\u2019une dizaine d\u2019euros sur l\u2019ann\u00e9e pour un logement d\u2019une centaine de m\u00b2. Pourquoi ? Parce que la pompe \u00e0 chaleur reste en veille la plupart du temps. Elle consomme donc une quantit\u00e9 infime d\u2019\u00e9nergie. Elle ne d\u00e9marre que lorsque la temp\u00e9rature baisse en dessous de celle mentionn\u00e9e sur le thermostat.<\/p>\n<p>Ces quelques red\u00e9marrages sont toutefois salutaires pour votre compresseur et am\u00e9liorent la <a href=\"https:\/\/www.depanneo.com\/guide\/duree-de-vie-pompe-chaleur\/\">dur\u00e9e de vie de la PAC<\/a>. De plus, le red\u00e9marrage du chauffage en hiver sera plus \u00e9nergivore si la PAC n&rsquo;a pas fonctionn\u00e9 en \u00e9t\u00e9. Tout le gain d&rsquo;\u00e9nergie effectu\u00e9 est alors perdu !<\/p>\n<h2>Quels sont les avantages de laisser la pompe \u00e0 chaleur allum\u00e9e en \u00e9t\u00e9 ?<\/h2>\n<p>Il existe plusieurs avantages de <strong>laisser la PAC allum\u00e9e pendant l\u2019\u00e9t\u00e9<\/strong> :<\/p>\n<ul>\n<li>La dur\u00e9e de vie du compresseur et de la PAC augmente.<\/li>\n<li>Le red\u00e9marrage du chauffage en hiver demande moins d\u2019\u00e9nergie.<\/li>\n<li>Les pannes en hiver sont moins fr\u00e9quentes.<\/li>\n<li>Le logement reste confortable m\u00eame durant les quelques jours frais de l\u2019\u00e9t\u00e9.<\/li>\n<\/ul>\n<h2>La pompe \u00e0 chaleur r\u00e9versible<\/h2>\n<p>Vous d\u00e9sirez avoir une PAC active toute l\u2019ann\u00e9e ? Vous pr\u00e9f\u00e9rez <strong>ne pas \u00e9teindre votre pompe \u00e0 chaleur l\u2019\u00e9t\u00e9<\/strong> ? Vous souhaitez b\u00e9n\u00e9ficier d\u2019un syst\u00e8me rafra\u00eechissant pour les beaux jours ? La solution est simple ! Optez pour une <a href=\"https:\/\/www.depanneo.com\/guide\/pompe-chaleur-reversible\/\">pompe \u00e0 chaleur r\u00e9versible<\/a>.<\/p>\n<p>La pompe \u00e0 chaleur r\u00e9versible fonctionne toute l\u2019ann\u00e9e. De plus, elle est totalement ind\u00e9pendante. Elle adapte la temp\u00e9rature de l\u2019eau qui circule dans votre r\u00e9seau de chauffage \u00e0 la temp\u00e9rature demand\u00e9e. La m\u00eame temp\u00e9rature int\u00e9rieure est conserv\u00e9e durant toute l\u2019ann\u00e9e.<\/p>\n<p>L\u2019hiver, la PAC fonctionne normalement en fournissant de l\u2019eau chaude pour vos radiateurs et de l\u2019eau chaude sanitaire. L\u2019\u00e9t\u00e9, la PAC r\u00e9versible fournit de l\u2019eau fra\u00eeche pour les radiateurs tout en proposant de l\u2019eau chaude sanitaire pour le foyer. La temp\u00e9rature est id\u00e9ale toute l\u2019ann\u00e9e et la consommation \u00e9nerg\u00e9tique est optimis\u00e9e.<\/p>\n","protected":false},"excerpt":{"rendered":"<p>L\u2019\u00e9t\u00e9 arrive et vous vous demandez s\u2019il est n\u00e9cessaire d\u2019arr\u00eater votre pompe \u00e0 chaleur ? Vous vous souciez d\u2019\u00e9conomiser au maximum votre \u00e9nergie ? Rassurez-vous, vous n\u2019\u00eates [&hellip;]<\/p>\n","protected":false},"author":2,"featured_media":1281,"comment_status":"closed","ping_status":"closed","sticky":false,"template":"","format":"standard","meta":{"_yoast_wpseo_focuskw":"\u00e9teindre pompe \u00e0 chaleur \u00e9t\u00e9","_yoast_wpseo_title":"Faut-il \u00e9teindre la pompe \u00e0 chaleur l'\u00e9t\u00e9 ? PAC \u00e9teinte l'\u00e9t\u00e9 ou non ? %%page%% %%sep%% Depanneo","_yoast_wpseo_metadesc":"Faut-il \u00e9teindre sa pompe \u00e0 chaleur l'\u00e9t\u00e9 ? Est-ce vraiment \u00e9conomique d'arr\u00eater la PAC en \u00e9t\u00e9 ? D\u00e9couvrez la r\u00e9ponse dans cet article !","footnotes":""},"categories":[9],"tags":[],"class_list":["post-1276","post","type-post","status-publish","format-standard","has-post-thumbnail","hentry","category-pompe-a-chaleur"],"yoast_head":"<!-- This site is optimized with the Yoast SEO plugin v27.5 - https:\/\/yoast.com\/product\/yoast-seo-wordpress\/ -->\n<title>Faut-il \u00e9teindre la pompe \u00e0 chaleur l&#039;\u00e9t\u00e9 ? PAC \u00e9teinte l&#039;\u00e9t\u00e9 ou non ? - Depanneo<\/title>\n<meta name=\"description\" content=\"Faut-il \u00e9teindre sa pompe \u00e0 chaleur l&#039;\u00e9t\u00e9 ? Est-ce vraiment \u00e9conomique d&#039;arr\u00eater la PAC en \u00e9t\u00e9 ? D\u00e9couvrez la r\u00e9ponse dans cet article !\" \/>\n<meta name=\"robots\" content=\"index, follow, max-snippet:-1, max-image-preview:large, max-video-preview:-1\" \/>\n<link rel=\"canonical\" href=\"https:\/\/www.depanneo.com\/guide\/eteindre-pompe-chaleur-ete\/\" \/>\n<meta property=\"og:locale\" content=\"fr_FR\" \/>\n<meta property=\"og:type\" content=\"article\" \/>\n<meta property=\"og:title\" content=\"Faut-il \u00e9teindre la pompe \u00e0 chaleur l&#039;\u00e9t\u00e9 ? PAC \u00e9teinte l&#039;\u00e9t\u00e9 ou non ? - Depanneo\" \/>\n<meta property=\"og:description\" content=\"Faut-il \u00e9teindre sa pompe \u00e0 chaleur l&#039;\u00e9t\u00e9 ? Est-ce vraiment \u00e9conomique d&#039;arr\u00eater la PAC en \u00e9t\u00e9 ? D\u00e9couvrez la r\u00e9ponse dans cet article !\" \/>\n<meta property=\"og:url\" content=\"https:\/\/www.depanneo.com\/guide\/eteindre-pompe-chaleur-ete\/\" \/>\n<meta property=\"og:site_name\" content=\"Guide Depanneo\" \/>\n<meta property=\"article:published_time\" content=\"2022-10-25T05:57:32+00:00\" \/>\n<meta property=\"article:modified_time\" content=\"2022-10-25T09:34:52+00:00\" \/>\n<meta property=\"og:image\" content=\"https:\/\/www.depanneo.com\/guide\/wp-content\/uploads\/2022\/10\/5-1.png\" \/>\n\t<meta property=\"og:image:width\" content=\"2048\" \/>\n\t<meta property=\"og:image:height\" content=\"1365\" \/>\n\t<meta property=\"og:image:type\" content=\"image\/png\" \/>\n<meta name=\"author\" content=\"Nicolas\" \/>\n<meta name=\"twitter:card\" content=\"summary_large_image\" \/>\n<meta name=\"twitter:label1\" content=\"\u00c9crit par\" \/>\n\t<meta name=\"twitter:data1\" content=\"Nicolas\" \/>\n\t<meta name=\"twitter:label2\" content=\"Dur\u00e9e de lecture estim\u00e9e\" \/>\n\t<meta name=\"twitter:data2\" content=\"3 minutes\" \/>\n<script type=\"application\/ld+json\" class=\"yoast-schema-graph\">{\"@context\":\"https:\\\/\\\/schema.org\",\"@graph\":[{\"@type\":\"Article\",\"@id\":\"https:\\\/\\\/www.depanneo.com\\\/guide\\\/eteindre-pompe-chaleur-ete\\\/#article\",\"isPartOf\":{\"@id\":\"https:\\\/\\\/www.depanneo.com\\\/guide\\\/eteindre-pompe-chaleur-ete\\\/\"},\"author\":{\"name\":\"Nicolas\",\"@id\":\"https:\\\/\\\/www.depanneo.com\\\/guide\\\/#\\\/schema\\\/person\\\/4c83bb64c582b8889263522a80938306\"},\"headline\":\"Faut-il \u00e9teindre sa pompe \u00e0 chaleur l\u2019\u00e9t\u00e9 ?\",\"datePublished\":\"2022-10-25T05:57:32+00:00\",\"dateModified\":\"2022-10-25T09:34:52+00:00\",\"mainEntityOfPage\":{\"@id\":\"https:\\\/\\\/www.depanneo.com\\\/guide\\\/eteindre-pompe-chaleur-ete\\\/\"},\"wordCount\":553,\"publisher\":{\"@id\":\"https:\\\/\\\/www.depanneo.com\\\/guide\\\/#organization\"},\"image\":{\"@id\":\"https:\\\/\\\/www.depanneo.com\\\/guide\\\/eteindre-pompe-chaleur-ete\\\/#primaryimage\"},\"thumbnailUrl\":\"https:\\\/\\\/www.depanneo.com\\\/guide\\\/wp-content\\\/uploads\\\/2022\\\/10\\\/5-1.png\",\"articleSection\":[\"Pompe a chaleur\"],\"inLanguage\":\"fr-FR\",\"copyrightYear\":\"2022\",\"copyrightHolder\":{\"@id\":\"https:\\\/\\\/www.depanneo.com\\\/guide\\\/#organization\"}},{\"@type\":\"WebPage\",\"@id\":\"https:\\\/\\\/www.depanneo.com\\\/guide\\\/eteindre-pompe-chaleur-ete\\\/\",\"url\":\"https:\\\/\\\/www.depanneo.com\\\/guide\\\/eteindre-pompe-chaleur-ete\\\/\",\"name\":\"Faut-il \u00e9teindre la pompe \u00e0 chaleur l'\u00e9t\u00e9 ? PAC \u00e9teinte l'\u00e9t\u00e9 ou non ? - Depanneo\",\"isPartOf\":{\"@id\":\"https:\\\/\\\/www.depanneo.com\\\/guide\\\/#website\"},\"primaryImageOfPage\":{\"@id\":\"https:\\\/\\\/www.depanneo.com\\\/guide\\\/eteindre-pompe-chaleur-ete\\\/#primaryimage\"},\"image\":{\"@id\":\"https:\\\/\\\/www.depanneo.com\\\/guide\\\/eteindre-pompe-chaleur-ete\\\/#primaryimage\"},\"thumbnailUrl\":\"https:\\\/\\\/www.depanneo.com\\\/guide\\\/wp-content\\\/uploads\\\/2022\\\/10\\\/5-1.png\",\"datePublished\":\"2022-10-25T05:57:32+00:00\",\"dateModified\":\"2022-10-25T09:34:52+00:00\",\"description\":\"Faut-il \u00e9teindre sa pompe \u00e0 chaleur l'\u00e9t\u00e9 ? Est-ce vraiment \u00e9conomique d'arr\u00eater la PAC en \u00e9t\u00e9 ? D\u00e9couvrez la r\u00e9ponse dans cet article !\",\"breadcrumb\":{\"@id\":\"https:\\\/\\\/www.depanneo.com\\\/guide\\\/eteindre-pompe-chaleur-ete\\\/#breadcrumb\"},\"inLanguage\":\"fr-FR\",\"potentialAction\":[{\"@type\":\"ReadAction\",\"target\":[\"https:\\\/\\\/www.depanneo.com\\\/guide\\\/eteindre-pompe-chaleur-ete\\\/\"]}]},{\"@type\":\"ImageObject\",\"inLanguage\":\"fr-FR\",\"@id\":\"https:\\\/\\\/www.depanneo.com\\\/guide\\\/eteindre-pompe-chaleur-ete\\\/#primaryimage\",\"url\":\"https:\\\/\\\/www.depanneo.com\\\/guide\\\/wp-content\\\/uploads\\\/2022\\\/10\\\/5-1.png\",\"contentUrl\":\"https:\\\/\\\/www.depanneo.com\\\/guide\\\/wp-content\\\/uploads\\\/2022\\\/10\\\/5-1.png\",\"width\":2048,\"height\":1365,\"caption\":\"\u00e9t\u00e9 PAC\"},{\"@type\":\"BreadcrumbList\",\"@id\":\"https:\\\/\\\/www.depanneo.com\\\/guide\\\/eteindre-pompe-chaleur-ete\\\/#breadcrumb\",\"itemListElement\":[{\"@type\":\"ListItem\",\"position\":1,\"name\":\"Depanneo\",\"item\":\"https:\\\/\\\/www.depanneo.com\\\/guide\\\/\"},{\"@type\":\"ListItem\",\"position\":2,\"name\":\"Pompe a chaleur\",\"item\":\"https:\\\/\\\/www.depanneo.com\\\/guide\\\/pompe-a-chaleur\\\/\"},{\"@type\":\"ListItem\",\"position\":3,\"name\":\"Faut-il \u00e9teindre sa pompe \u00e0 chaleur l\u2019\u00e9t\u00e9 ?\"}]},{\"@type\":\"WebSite\",\"@id\":\"https:\\\/\\\/www.depanneo.com\\\/guide\\\/#website\",\"url\":\"https:\\\/\\\/www.depanneo.com\\\/guide\\\/\",\"name\":\"Guide Depanneo\",\"description\":\"Conseils D\u00e9pannage &amp; Astuces Travaux\",\"publisher\":{\"@id\":\"https:\\\/\\\/www.depanneo.com\\\/guide\\\/#organization\"},\"potentialAction\":[{\"@type\":\"SearchAction\",\"target\":{\"@type\":\"EntryPoint\",\"urlTemplate\":\"https:\\\/\\\/www.depanneo.com\\\/guide\\\/?s={search_term_string}\"},\"query-input\":{\"@type\":\"PropertyValueSpecification\",\"valueRequired\":true,\"valueName\":\"search_term_string\"}}],\"inLanguage\":\"fr-FR\"},{\"@type\":\"Organization\",\"@id\":\"https:\\\/\\\/www.depanneo.com\\\/guide\\\/#organization\",\"name\":\"Depanneo\",\"url\":\"https:\\\/\\\/www.depanneo.com\\\/guide\\\/\",\"logo\":{\"@type\":\"ImageObject\",\"inLanguage\":\"fr-FR\",\"@id\":\"https:\\\/\\\/www.depanneo.com\\\/guide\\\/#\\\/schema\\\/logo\\\/image\\\/\",\"url\":\"https:\\\/\\\/www.depanneo.com\\\/guide\\\/wp-content\\\/uploads\\\/2021\\\/01\\\/logo-large-blue.png\",\"contentUrl\":\"https:\\\/\\\/www.depanneo.com\\\/guide\\\/wp-content\\\/uploads\\\/2021\\\/01\\\/logo-large-blue.png\",\"width\":4696,\"height\":1910,\"caption\":\"Depanneo\"},\"image\":{\"@id\":\"https:\\\/\\\/www.depanneo.com\\\/guide\\\/#\\\/schema\\\/logo\\\/image\\\/\"}},{\"@type\":\"Person\",\"@id\":\"https:\\\/\\\/www.depanneo.com\\\/guide\\\/#\\\/schema\\\/person\\\/4c83bb64c582b8889263522a80938306\",\"name\":\"Nicolas\",\"description\":\"R\u00e9dacteur web, autodidacte, est avant tout un passionn\u00e9 d\u2019\u00e9criture au profil technique, dot\u00e9 d\u2019une large exp\u00e9rience en BTP et d\u00e9pannage.\"}]}<\/script>\n<!-- \/ Yoast SEO plugin. -->","yoast_head_json":{"title":"Faut-il \u00e9teindre la pompe \u00e0 chaleur l'\u00e9t\u00e9 ? PAC \u00e9teinte l'\u00e9t\u00e9 ou non ? - Depanneo","description":"Faut-il \u00e9teindre sa pompe \u00e0 chaleur l'\u00e9t\u00e9 ? Est-ce vraiment \u00e9conomique d'arr\u00eater la PAC en \u00e9t\u00e9 ? D\u00e9couvrez la r\u00e9ponse dans cet article !","robots":{"index":"index","follow":"follow","max-snippet":"max-snippet:-1","max-image-preview":"max-image-preview:large","max-video-preview":"max-video-preview:-1"},"canonical":"https:\/\/www.depanneo.com\/guide\/eteindre-pompe-chaleur-ete\/","og_locale":"fr_FR","og_type":"article","og_title":"Faut-il \u00e9teindre la pompe \u00e0 chaleur l'\u00e9t\u00e9 ? PAC \u00e9teinte l'\u00e9t\u00e9 ou non ? - Depanneo","og_description":"Faut-il \u00e9teindre sa pompe \u00e0 chaleur l'\u00e9t\u00e9 ? Est-ce vraiment \u00e9conomique d'arr\u00eater la PAC en \u00e9t\u00e9 ? D\u00e9couvrez la r\u00e9ponse dans cet article !","og_url":"https:\/\/www.depanneo.com\/guide\/eteindre-pompe-chaleur-ete\/","og_site_name":"Guide Depanneo","article_published_time":"2022-10-25T05:57:32+00:00","article_modified_time":"2022-10-25T09:34:52+00:00","og_image":[{"width":2048,"height":1365,"url":"https:\/\/www.depanneo.com\/guide\/wp-content\/uploads\/2022\/10\/5-1.png","type":"image\/png"}],"author":"Nicolas","twitter_card":"summary_large_image","twitter_misc":{"\u00c9crit par":"Nicolas","Dur\u00e9e de lecture estim\u00e9e":"3 minutes"},"schema":{"@context":"https:\/\/schema.org","@graph":[{"@type":"Article","@id":"https:\/\/www.depanneo.com\/guide\/eteindre-pompe-chaleur-ete\/#article","isPartOf":{"@id":"https:\/\/www.depanneo.com\/guide\/eteindre-pompe-chaleur-ete\/"},"author":{"name":"Nicolas","@id":"https:\/\/www.depanneo.com\/guide\/#\/schema\/person\/4c83bb64c582b8889263522a80938306"},"headline":"Faut-il \u00e9teindre sa pompe \u00e0 chaleur l\u2019\u00e9t\u00e9 ?","datePublished":"2022-10-25T05:57:32+00:00","dateModified":"2022-10-25T09:34:52+00:00","mainEntityOfPage":{"@id":"https:\/\/www.depanneo.com\/guide\/eteindre-pompe-chaleur-ete\/"},"wordCount":553,"publisher":{"@id":"https:\/\/www.depanneo.com\/guide\/#organization"},"image":{"@id":"https:\/\/www.depanneo.com\/guide\/eteindre-pompe-chaleur-ete\/#primaryimage"},"thumbnailUrl":"https:\/\/www.depanneo.com\/guide\/wp-content\/uploads\/2022\/10\/5-1.png","articleSection":["Pompe a chaleur"],"inLanguage":"fr-FR","copyrightYear":"2022","copyrightHolder":{"@id":"https:\/\/www.depanneo.com\/guide\/#organization"}},{"@type":"WebPage","@id":"https:\/\/www.depanneo.com\/guide\/eteindre-pompe-chaleur-ete\/","url":"https:\/\/www.depanneo.com\/guide\/eteindre-pompe-chaleur-ete\/","name":"Faut-il \u00e9teindre la pompe \u00e0 chaleur l'\u00e9t\u00e9 ? PAC \u00e9teinte l'\u00e9t\u00e9 ou non ? - Depanneo","isPartOf":{"@id":"https:\/\/www.depanneo.com\/guide\/#website"},"primaryImageOfPage":{"@id":"https:\/\/www.depanneo.com\/guide\/eteindre-pompe-chaleur-ete\/#primaryimage"},"image":{"@id":"https:\/\/www.depanneo.com\/guide\/eteindre-pompe-chaleur-ete\/#primaryimage"},"thumbnailUrl":"https:\/\/www.depanneo.com\/guide\/wp-content\/uploads\/2022\/10\/5-1.png","datePublished":"2022-10-25T05:57:32+00:00","dateModified":"2022-10-25T09:34:52+00:00","description":"Faut-il \u00e9teindre sa pompe \u00e0 chaleur l'\u00e9t\u00e9 ? Est-ce vraiment \u00e9conomique d'arr\u00eater la PAC en \u00e9t\u00e9 ? D\u00e9couvrez la r\u00e9ponse dans cet article !","breadcrumb":{"@id":"https:\/\/www.depanneo.com\/guide\/eteindre-pompe-chaleur-ete\/#breadcrumb"},"inLanguage":"fr-FR","potentialAction":[{"@type":"ReadAction","target":["https:\/\/www.depanneo.com\/guide\/eteindre-pompe-chaleur-ete\/"]}]},{"@type":"ImageObject","inLanguage":"fr-FR","@id":"https:\/\/www.depanneo.com\/guide\/eteindre-pompe-chaleur-ete\/#primaryimage","url":"https:\/\/www.depanneo.com\/guide\/wp-content\/uploads\/2022\/10\/5-1.png","contentUrl":"https:\/\/www.depanneo.com\/guide\/wp-content\/uploads\/2022\/10\/5-1.png","width":2048,"height":1365,"caption":"\u00e9t\u00e9 PAC"},{"@type":"BreadcrumbList","@id":"https:\/\/www.depanneo.com\/guide\/eteindre-pompe-chaleur-ete\/#breadcrumb","itemListElement":[{"@type":"ListItem","position":1,"name":"Depanneo","item":"https:\/\/www.depanneo.com\/guide\/"},{"@type":"ListItem","position":2,"name":"Pompe a chaleur","item":"https:\/\/www.depanneo.com\/guide\/pompe-a-chaleur\/"},{"@type":"ListItem","position":3,"name":"Faut-il \u00e9teindre sa pompe \u00e0 chaleur l\u2019\u00e9t\u00e9 ?"}]},{"@type":"WebSite","@id":"https:\/\/www.depanneo.com\/guide\/#website","url":"https:\/\/www.depanneo.com\/guide\/","name":"Guide Depanneo","description":"Conseils D\u00e9pannage &amp; Astuces Travaux","publisher":{"@id":"https:\/\/www.depanneo.com\/guide\/#organization"},"potentialAction":[{"@type":"SearchAction","target":{"@type":"EntryPoint","urlTemplate":"https:\/\/www.depanneo.com\/guide\/?s={search_term_string}"},"query-input":{"@type":"PropertyValueSpecification","valueRequired":true,"valueName":"search_term_string"}}],"inLanguage":"fr-FR"},{"@type":"Organization","@id":"https:\/\/www.depanneo.com\/guide\/#organization","name":"Depanneo","url":"https:\/\/www.depanneo.com\/guide\/","logo":{"@type":"ImageObject","inLanguage":"fr-FR","@id":"https:\/\/www.depanneo.com\/guide\/#\/schema\/logo\/image\/","url":"https:\/\/www.depanneo.com\/guide\/wp-content\/uploads\/2021\/01\/logo-large-blue.png","contentUrl":"https:\/\/www.depanneo.com\/guide\/wp-content\/uploads\/2021\/01\/logo-large-blue.png","width":4696,"height":1910,"caption":"Depanneo"},"image":{"@id":"https:\/\/www.depanneo.com\/guide\/#\/schema\/logo\/image\/"}},{"@type":"Person","@id":"https:\/\/www.depanneo.com\/guide\/#\/schema\/person\/4c83bb64c582b8889263522a80938306","name":"Nicolas","description":"R\u00e9dacteur web, autodidacte, est avant tout un passionn\u00e9 d\u2019\u00e9criture au profil technique, dot\u00e9 d\u2019une large exp\u00e9rience en BTP et d\u00e9pannage."}]}},"_links":{"self":[{"href":"https:\/\/www.depanneo.com\/guide\/wp-json\/wp\/v2\/posts\/1276","targetHints":{"allow":["GET"]}}],"collection":[{"href":"https:\/\/www.depanneo.com\/guide\/wp-json\/wp\/v2\/posts"}],"about":[{"href":"https:\/\/www.depanneo.com\/guide\/wp-json\/wp\/v2\/types\/post"}],"author":[{"embeddable":true,"href":"https:\/\/www.depanneo.com\/guide\/wp-json\/wp\/v2\/users\/2"}],"replies":[{"embeddable":true,"href":"https:\/\/www.depanneo.com\/guide\/wp-json\/wp\/v2\/comments?post=1276"}],"version-history":[{"count":2,"href":"https:\/\/www.depanneo.com\/guide\/wp-json\/wp\/v2\/posts\/1276\/revisions"}],"predecessor-version":[{"id":1473,"href":"https:\/\/www.depanneo.com\/guide\/wp-json\/wp\/v2\/posts\/1276\/revisions\/1473"}],"wp:featuredmedia":[{"embeddable":true,"href":"https:\/\/www.depanneo.com\/guide\/wp-json\/wp\/v2\/media\/1281"}],"wp:attachment":[{"href":"https:\/\/www.depanneo.com\/guide\/wp-json\/wp\/v2\/media?parent=1276"}],"wp:term":[{"taxonomy":"category","embeddable":true,"href":"https:\/\/www.depanneo.com\/guide\/wp-json\/wp\/v2\/categories?post=1276"},{"taxonomy":"post_tag","embeddable":true,"href":"https:\/\/www.depanneo.com\/guide\/wp-json\/wp\/v2\/tags?post=1276"}],"curies":[{"name":"wp","href":"https:\/\/api.w.org\/{rel}","templated":true}]}}